{"id":58119,"date":"2025-08-08T10:20:25","date_gmt":"2025-08-08T13:20:25","guid":{"rendered":"https:\/\/www.radiopresidenteibanez.cl\/web\/?p=58119"},"modified":"2025-08-08T10:21:15","modified_gmt":"2025-08-08T13:21:15","slug":"dos-empresas-de-transportes-presentan-ofertas-para-dar-vida-al-primer-sistema-de-buses-en-puerto-natales","status":"publish","type":"post","link":"https:\/\/www.radiopresidenteibanez.cl\/web\/dos-empresas-de-transportes-presentan-ofertas-para-dar-vida-al-primer-sistema-de-buses-en-puerto-natales\/","title":{"rendered":"DOS EMPRESAS DE TRANSPORTES PRESENTAN OFERTAS PARA DAR VIDA AL PRIMER SISTEMA DE BUSES EN PUERTO NATALES"},"content":{"rendered":"\n<p>Durante esta tarde, el ministerio de Transportes y<br>Telecomunicaciones, a trav\u00e9s de la Divisi\u00f3n de Transporte P\u00fablico Regional (DTPR), realiz\u00f3<br>la apertura de las ofertas para la licitaci\u00f3n que adjudicar\u00e1 la operaci\u00f3n de nueve buses de<br>alto est\u00e1ndar que integrar\u00e1n el servicio de transporte p\u00fablico mayor en la capital de la<br>provincia de Ultima Esperanza.<br>En la ocasi\u00f3n, se recepcionaron dos ofertas de empresas de transportes, las cuales fueron<br>abiertas en una Comisi\u00f3n de Evaluaci\u00f3n liderada por funcionarios de la DTPR, quienes<br>certificaron la correcta presentaci\u00f3n de los documentos por las empresas interesadas. La<br>siguiente etapa de este proceso continuar\u00e1 con el correspondiente an\u00e1lisis jur\u00eddico y t\u00e9cnico<br>de las ofertas recibidas.<br>Al respecto, el subsecretario de Transportes Jorge Daza, dijo que \u201cestamos muy contentos<br>con esta apertura de ofertas, porque damos un paso concreto para la pr\u00f3xima<br>implementaci\u00f3n de un nuevo sistema de transporte p\u00fablico con nueve buses de alto<br>est\u00e1ndar en Natales, lo que va a aportar mayor dignidad, bienestar y desarrollo para la<br>comunidad. Con esto, seguimos avanzando en cumplir el compromiso de nuestro Gobierno<br>con la equidad territorial, a trav\u00e9s del fortalecimiento y modernizaci\u00f3n del transporte p\u00fablico<br>en regiones, en este caso, con una zona tan importante como la regi\u00f3n de Magallanes y la<br>Ant\u00e1rtica Chilena\u201d.<br>En tanto, el seremitt Alejandro Goich dijo que \u201cesto, sin duda, es una gran noticia para la<br>regi\u00f3n. Estamos hablando de un proyecto que impactar\u00e1 positivamente a las personas de<br>Natales, mejorando la conectividad de forma moderna, integrando por primera vez buses de<br>alto est\u00e1ndar, lo que asegurar\u00e1 una mejor experiencia de viaje. Estamos seguros de que<br>este ser\u00e1 un proyecto que significar\u00e1 una mejora en la calidad de vida de los habitantes, por<br>lo que ahora seguiremos impulsando para que siga su correcto curso e implementaci\u00f3n\u201d.<br>Cabe destacar que para este proyecto, se propuso como tipolog\u00eda de veh\u00edculo un bus di\u00e9sel<br>de alto est\u00e1ndar, con accesibilidad universal (piso bajo). En cuanto a la incorporaci\u00f3n de<br>tecnolog\u00eda, se propuso GPS, Wi-Fi a bordo de los buses, cargadores USB, c\u00e1maras de<br>seguridad, visor de puntos ciegos y la integraci\u00f3n con la aplicaci\u00f3n para dispositivos m\u00f3viles<br>APP Red Regional.<\/p>\n","protected":false},"excerpt":{"rendered":"<p>Durante esta tarde, el ministerio de Transportes yTelecomunicaciones, a trav\u00e9s de la Divisi\u00f3n de Transporte P\u00fablico Regional (DTPR), realiz\u00f3la apertura de las ofertas para la licitaci\u00f3n que adjudicar\u00e1 la operaci\u00f3n&#8230; <a class=\"read-more\" href=\"https:\/\/www.radiopresidenteibanez.cl\/web\/dos-empresas-de-transportes-presentan-ofertas-para-dar-vida-al-primer-sistema-de-buses-en-puerto-natales\/\">Leer m\u00e1s<\/a><\/p>\n","protected":false},"author":2,"featured_media":58120,"comment_status":"closed","ping_status":"closed","sticky":false,"template":"","format":"standard","meta":{"footnotes":""},"categories":[1],"tags":[],"class_list":["post-58119","post","type-post","status-publish","format-standard","has-post-thumbnail","hentry","category-cronica"],"_links":{"self":[{"href":"https:\/\/www.radiopresidenteibanez.cl\/web\/wp-json\/wp\/v2\/posts\/58119","targetHints":{"allow":["GET"]}}],"collection":[{"href":"https:\/\/www.radiopresidenteibanez.cl\/web\/wp-json\/wp\/v2\/posts"}],"about":[{"href":"https:\/\/www.radiopresidenteibanez.cl\/web\/wp-json\/wp\/v2\/types\/post"}],"author":[{"embeddable":true,"href":"https:\/\/www.radiopresidenteibanez.cl\/web\/wp-json\/wp\/v2\/users\/2"}],"replies":[{"embeddable":true,"href":"https:\/\/www.radiopresidenteibanez.cl\/web\/wp-json\/wp\/v2\/comments?post=58119"}],"version-history":[{"count":0,"href":"https:\/\/www.radiopresidenteibanez.cl\/web\/wp-json\/wp\/v2\/posts\/58119\/revisions"}],"wp:featuredmedia":[{"embeddable":true,"href":"https:\/\/www.radiopresidenteibanez.cl\/web\/wp-json\/wp\/v2\/media\/58120"}],"wp:attachment":[{"href":"https:\/\/www.radiopresidenteibanez.cl\/web\/wp-json\/wp\/v2\/media?parent=58119"}],"wp:term":[{"taxonomy":"category","embeddable":true,"href":"https:\/\/www.radiopresidenteibanez.cl\/web\/wp-json\/wp\/v2\/categories?post=58119"},{"taxonomy":"post_tag","embeddable":true,"href":"https:\/\/www.radiopresidenteibanez.cl\/web\/wp-json\/wp\/v2\/tags?post=58119"}],"curies":[{"name":"wp","href":"https:\/\/api.w.org\/{rel}","templated":true}]}}