{"id":58101,"date":"2025-08-05T09:39:00","date_gmt":"2025-08-05T12:39:00","guid":{"rendered":"https:\/\/www.radiopresidenteibanez.cl\/web\/?p=58101"},"modified":"2025-08-05T08:46:21","modified_gmt":"2025-08-05T11:46:21","slug":"sindicato-de-trabajadores-de-enap-magallanes-expresa-sus-mas-profundas-condolencias-por-la-tragedia-en-codelco","status":"publish","type":"post","link":"https:\/\/www.radiopresidenteibanez.cl\/web\/sindicato-de-trabajadores-de-enap-magallanes-expresa-sus-mas-profundas-condolencias-por-la-tragedia-en-codelco\/","title":{"rendered":"Sindicato de Trabajadores de ENAP Magallanes expresa sus m\u00e1s profundas condolencias por la tragedia en Codelco"},"content":{"rendered":"\n<p>Desde el directorio de nuestro sindicato y de los m\u00e1s de mil trabajadores y trabajadoras<br>que conformamos ENAP Magallanes, extendemos nuestras m\u00e1s sinceras condolencias<br>a las familias y seres queridos de los seis mineros que perdieron la vida en la reciente<br>tragedia ocurrida en Codelco. Enviamos nuestras fuerzas y energ\u00eda a toda la<br>comunidad minera de la divisi\u00f3n el Teniente, que se ve profundamente afectada por<br>esta lamentable p\u00e9rdida.<br>Ante estos hechos recalcamos la urgente necesidad de investigar las circunstancias<br>que rodean este tr\u00e1gico suceso para que eventos como estos no vuelvan a ocurrir.<br>Estos hechos nos demuestran las vulnerabilidades cr\u00edticas de las operaciones y la<br>constante lucha sindical por mejorar condiciones subest\u00e1ndares presentes en la faena,<br>es una realidad que vivimos todos\/as qui\u00e9nes en el d\u00eda a d\u00eda debemos enfrentarnos a<br>condiciones extremas.<br>La empresa nacional del petr\u00f3leo no est\u00e1 exenta de situaciones cr\u00edticas que amenazan<br>no solo la seguridad de las operaciones sino que la vida y salud de qui\u00e9nes deben<br>estar cada d\u00eda en la l\u00ednea de fuego, es por ello, que empatizamos completamente con<br>el dolor de nuestros compa\u00f1eros y sus familias y toda la comunidad de Codelco.<br>En esta misma l\u00ednea es imperativo que se eval\u00fae la subcontrataci\u00f3n y la tercerizaci\u00f3n<br>laboral, pues son causas estructurales que debilitan tanto la supervisi\u00f3n como la<br>seguridad en las operaciones mineras y petroleras. La Organizaci\u00f3n Internacional del<br>Trabajo ha advertido en reiteradas ocasiones sobre los peligros de la subcontrataci\u00f3n<br>sin un control efectivo, especialmente en sectores de alto riesgo como la miner\u00eda.<br>Como trabajadores de empresa del Estado y comprendiendo las consecuencias de<br>trabajar en faenas de alto riesgo, instamos a la empresa nacional del petr\u00f3leo a<br>priorizar la seguridad de sus instalaciones con foco en las personas y en esta l\u00ednea no<br>podemos tener un doble discurso manifestando la preocupaci\u00f3n por la salud mental y<br>por otro lado mantenemos con despidos injustificados dando cobertura a las<br>operaciones con excesivos sobretiempos. Tampoco podemos hablar de la importancia<br>de una excelencia operacional apuntando a la eficiencia y mejores estados financieros<br>los cuales entendemos que deben ir acompa\u00f1ados de garant\u00edas en seguridad,<br>minimizando riesgos con est\u00e1ndares tecnol\u00f3gicos que contribuyan a una mejor<br>operaci\u00f3n.<\/p>\n\n\n\n<p>Como representantes del sector sindical reiteramos, ante lo ocurrido en Codelco, la<br>exigencia a las autoridades que se haga justicia, que de desarrolle el m\u00e1ximo rigor en<br>la investigaci\u00f3n, haci\u00e9ndose parte integral en todos los aspectos. Es crucial que todos<br>los Poderes del Estado, con el debido respeto a su autonom\u00eda act\u00faen diligentemente<br>para esclarecer lo ocurrido y brindar paz a las familias afectadas. \u201cEl gobierno debe<br>incorporarse con m\u00e1s fuerza en el control de la seguridad al interior de las empresas<br>del Estado y no ampararse en sus gobiernos corporativos asumiendo directrices que no<br>conversan con la pr\u00e1ctica\u201d.<br>Nuestro sindicato se compromete a seguir luchando por la seguridad y los derechos de<br>todos los trabajadores y trabajadoras, honrando la memoria de aquellos que perdieron<br>la vida en esta tragedia y del cual estamos profundamente afectados y apoyando a sus<br>familiares y compa\u00f1eros de trabajo.<\/p>\n","protected":false},"excerpt":{"rendered":"<p>Desde el directorio de nuestro sindicato y de los m\u00e1s de mil trabajadores y trabajadorasque conformamos ENAP Magallanes, extendemos nuestras m\u00e1s sinceras condolenciasa las familias y seres queridos de los&#8230; <a class=\"read-more\" href=\"https:\/\/www.radiopresidenteibanez.cl\/web\/sindicato-de-trabajadores-de-enap-magallanes-expresa-sus-mas-profundas-condolencias-por-la-tragedia-en-codelco\/\">Leer m\u00e1s<\/a><\/p>\n","protected":false},"author":2,"featured_media":58102,"comment_status":"closed","ping_status":"closed","sticky":false,"template":"","format":"standard","meta":{"footnotes":""},"categories":[1],"tags":[],"class_list":["post-58101","post","type-post","status-publish","format-standard","has-post-thumbnail","hentry","category-cronica"],"_links":{"self":[{"href":"https:\/\/www.radiopresidenteibanez.cl\/web\/wp-json\/wp\/v2\/posts\/58101","targetHints":{"allow":["GET"]}}],"collection":[{"href":"https:\/\/www.radiopresidenteibanez.cl\/web\/wp-json\/wp\/v2\/posts"}],"about":[{"href":"https:\/\/www.radiopresidenteibanez.cl\/web\/wp-json\/wp\/v2\/types\/post"}],"author":[{"embeddable":true,"href":"https:\/\/www.radiopresidenteibanez.cl\/web\/wp-json\/wp\/v2\/users\/2"}],"replies":[{"embeddable":true,"href":"https:\/\/www.radiopresidenteibanez.cl\/web\/wp-json\/wp\/v2\/comments?post=58101"}],"version-history":[{"count":0,"href":"https:\/\/www.radiopresidenteibanez.cl\/web\/wp-json\/wp\/v2\/posts\/58101\/revisions"}],"wp:featuredmedia":[{"embeddable":true,"href":"https:\/\/www.radiopresidenteibanez.cl\/web\/wp-json\/wp\/v2\/media\/58102"}],"wp:attachment":[{"href":"https:\/\/www.radiopresidenteibanez.cl\/web\/wp-json\/wp\/v2\/media?parent=58101"}],"wp:term":[{"taxonomy":"category","embeddable":true,"href":"https:\/\/www.radiopresidenteibanez.cl\/web\/wp-json\/wp\/v2\/categories?post=58101"},{"taxonomy":"post_tag","embeddable":true,"href":"https:\/\/www.radiopresidenteibanez.cl\/web\/wp-json\/wp\/v2\/tags?post=58101"}],"curies":[{"name":"wp","href":"https:\/\/api.w.org\/{rel}","templated":true}]}}