{"id":58098,"date":"2025-08-05T08:53:00","date_gmt":"2025-08-05T11:53:00","guid":{"rendered":"https:\/\/www.radiopresidenteibanez.cl\/web\/?p=58098"},"modified":"2025-08-05T08:32:38","modified_gmt":"2025-08-05T11:32:38","slug":"boletin-informativo-orbe-53","status":"publish","type":"post","link":"https:\/\/www.radiopresidenteibanez.cl\/web\/boletin-informativo-orbe-53\/","title":{"rendered":"BOLETIN INFORMATIVO ORBE"},"content":{"rendered":"\n<p>RANCAGUA.- La Fiscal\u00eda Regional de O&#8217;Higgins confirm\u00f3 que se<br>entrega de los cuerpos de los mineros fallecidos Mois\u00e9s Pavez<br>y Carlos Arancibia. En tanto, la directora del Servicio<br>M\u00e9dico Legal, Marisol Prado, anunci\u00f3 que tambi\u00e9n se har\u00e1<br>entrega de los cuerpos de \u00c1lex Araya y Gonzalo N\u00fa\u00f1ez. En<br>tanto, la PDI, realiz\u00f3 diligencias en la empresa contratista<br>Salfa Montajes, una de las dos -adem\u00e1s de Gardilcic- a las<br>que pertenec\u00edan los mineros fallecidos en la tragedia El<br>Teniente.<\/p>\n\n\n\n<p>RANCAGUA.- Se realiz\u00f3 el masivo funeral de Jean Miranda, uno<br>de los seis mineros fallecidos producto del derrumbe en El<br>Teniente el jueves pasado. Hasta la zona lleg\u00f3 el ministro<br>del Interior, \u00c1lvaro Elizalde, quien tambi\u00e9n particip\u00f3 en la<br>emotiva ceremonia. Jean, fan\u00e1tico de Universidad de Chile,<br>hab\u00eda terminado hace poco su carrera t\u00e9cnica en miner\u00eda, con<br>el objetivo de seguir creciendo dentro de la empresa. Ten\u00eda<br>tres hijos y su viuda espera el cuarto.<\/p>\n\n\n\n<p>SANTIAGO.- Codelco inform\u00f3 que con fecha indefinida se<br>mantiene la reanudaci\u00f3n de las operaciones de la mina El<br>Teniente, las cuales fueron paralizadas luego del accidente<br>que dej\u00f3 a seis trabajadores muertos y nueve heridos. En un<br>hecho esencial a la Comisi\u00f3n para el Mercado Financiero,<br>CMF,detall\u00f3 que la \u00abDivisi\u00f3n El Teniente debi\u00f3 suspender sus<br>operaciones y procesos productivos a ra\u00edz del lamentable<br>evento s\u00edsmico del 31 de julio, el cual afect\u00f3 gravemente<br>dicho yacimiento\u00bb.<\/p>\n\n\n\n<p>SANTIAGO.- El escrito, firmado por el presidente del<br>directorio de la compa\u00f1\u00eda, M\u00e1ximo Pacheco, indic\u00f3 que<br>\u00abCodelco est\u00e1 comprometida con el restablecimiento de la<br>operaci\u00f3n tan pronto como las condiciones de seguridad lo<br>permitan\u00bb. La estatal a\u00f1adi\u00f3 que \u00ablos efectos de esta<br>paralizaci\u00f3n a\u00fan no es posible cuantificarlos, ya que<br>dependen de los alcances y extensi\u00f3n de la citada<br>paralizaci\u00f3n, por cuanto, en tanto se disponga de mayores<br>antecedentes se proceder\u00e1 a actualizar esta informaci\u00f3n\u00bb.<\/p>\n\n\n\n<p>SANTIAGO.- La ministra de Miner\u00eda, Aurora Williams, afirm\u00f3<br>que \u00abac\u00e1 fallamos\u00bb, al referirse al accidente ocurrido en la<br>mina El Teniente de Codelco que dej\u00f3 a seis trabajadores<br>fallecidos. Williams reconoci\u00f3 que \u00abeste accidente, la<br>magnitud que tuvo, las consecuencias que tiene, nos obligan<br>necesariamente a una reflexi\u00f3n en materia de seguridad\u00bb, y<br>que \u00abocurrieron situaciones que est\u00e1n siendo investigadas\u00bb.<\/p>\n\n\n\n<p>SANTIAGO.- La ministra Williams tambi\u00e9n asever\u00f3 que \u00abel<br>proceso internacional es una decisi\u00f3n muy adecuada de<br>Codelco\u00bb, pero que la investigaci\u00f3n sobre el accidente en El<br>Teniente \u00abla lleva Sernageomin y la Direcci\u00f3n del Trabajo\u00bb.<br>Al ser consultada sobre el regreso a las labores en la mina,<br>la personera se\u00f1al\u00f3 que no hay \u00abun plazo determinado,<br>requiere del intercambio de informaci\u00f3n t\u00e9cnica\u00bb.<\/p>\n\n\n\n<p>RANCAGUA.- El fiscal regional de O&#8217;Higgins, Aquiles Cubillos,<br>confirm\u00f3 la conformaci\u00f3n de un equipo multidisciplinario para<br>investigar la tragedia en la mina El Teniente. Este equipo<br>contar\u00e1 con el apoyo y la experticia de diversas<br>instituciones, como el Sernageomin, para realizar un trabajo<br>coordinado. \u00abDurante el d\u00eda vamos a tener diversas reuniones<br>de coordinaci\u00f3n, as\u00ed que ahora comienza claramente la<br>investigaci\u00f3n, el trabajo m\u00e1s complejo de esto\u00bb, dijo<br>Cubillos.<\/p>\n","protected":false},"excerpt":{"rendered":"<p>RANCAGUA.- La Fiscal\u00eda Regional de O&#8217;Higgins confirm\u00f3 que seentrega de los cuerpos de los mineros fallecidos Mois\u00e9s Pavezy Carlos Arancibia. En tanto, la directora del ServicioM\u00e9dico Legal, Marisol Prado, anunci\u00f3&#8230; <a class=\"read-more\" href=\"https:\/\/www.radiopresidenteibanez.cl\/web\/boletin-informativo-orbe-53\/\">Leer m\u00e1s<\/a><\/p>\n","protected":false},"author":2,"featured_media":58099,"comment_status":"closed","ping_status":"closed","sticky":false,"template":"","format":"standard","meta":{"footnotes":""},"categories":[1],"tags":[],"class_list":["post-58098","post","type-post","status-publish","format-standard","has-post-thumbnail","hentry","category-cronica"],"_links":{"self":[{"href":"https:\/\/www.radiopresidenteibanez.cl\/web\/wp-json\/wp\/v2\/posts\/58098","targetHints":{"allow":["GET"]}}],"collection":[{"href":"https:\/\/www.radiopresidenteibanez.cl\/web\/wp-json\/wp\/v2\/posts"}],"about":[{"href":"https:\/\/www.radiopresidenteibanez.cl\/web\/wp-json\/wp\/v2\/types\/post"}],"author":[{"embeddable":true,"href":"https:\/\/www.radiopresidenteibanez.cl\/web\/wp-json\/wp\/v2\/users\/2"}],"replies":[{"embeddable":true,"href":"https:\/\/www.radiopresidenteibanez.cl\/web\/wp-json\/wp\/v2\/comments?post=58098"}],"version-history":[{"count":0,"href":"https:\/\/www.radiopresidenteibanez.cl\/web\/wp-json\/wp\/v2\/posts\/58098\/revisions"}],"wp:featuredmedia":[{"embeddable":true,"href":"https:\/\/www.radiopresidenteibanez.cl\/web\/wp-json\/wp\/v2\/media\/58099"}],"wp:attachment":[{"href":"https:\/\/www.radiopresidenteibanez.cl\/web\/wp-json\/wp\/v2\/media?parent=58098"}],"wp:term":[{"taxonomy":"category","embeddable":true,"href":"https:\/\/www.radiopresidenteibanez.cl\/web\/wp-json\/wp\/v2\/categories?post=58098"},{"taxonomy":"post_tag","embeddable":true,"href":"https:\/\/www.radiopresidenteibanez.cl\/web\/wp-json\/wp\/v2\/tags?post=58098"}],"curies":[{"name":"wp","href":"https:\/\/api.w.org\/{rel}","templated":true}]}}