{"id":58095,"date":"2025-08-05T08:21:21","date_gmt":"2025-08-05T11:21:21","guid":{"rendered":"https:\/\/www.radiopresidenteibanez.cl\/web\/?p=58095"},"modified":"2025-08-05T08:25:24","modified_gmt":"2025-08-05T11:25:24","slug":"delegacion-presidencial-acepta-renuncia-del-seremi-de-mineria","status":"publish","type":"post","link":"https:\/\/www.radiopresidenteibanez.cl\/web\/delegacion-presidencial-acepta-renuncia-del-seremi-de-mineria\/","title":{"rendered":"Delegaci\u00f3n Presidencial acepta renuncia del Seremi de Miner\u00eda"},"content":{"rendered":"\n<p>El Delegado Presidencial Regional de<br>Magallanes y de la Ant\u00e1rtica Chilena acept\u00f3 este lunes la renuncia, de car\u00e1cter<br>indeclinable e inmediata, presentada por el recientemente asumido Seremi de<br>Miner\u00eda, V\u00edctor Vel\u00e1squez Nieto.<br>Vel\u00e1squez fue anunciado como nueva autoridad regional del Ministerio de Miner\u00eda<br>el viernes 01 de agosto de 2025. No obstante, durante las \u00faltimas horas se tom\u00f3<br>conocimiento de la existencia de una denuncia presentada ante Tribunales, la cual<br>habr\u00eda sido ingresada en el periodo comprendido entre la propuesta de su<br>nombramiento y su anuncio p\u00fablico. La causa se encuentra actualmente sujeta a<br>reserva por parte del tribunal.<br>Si bien dicha situaci\u00f3n se encuentra actualmente en manos de los tribunales<br>competentes, se ha estimado prudente y responsable adoptar esta medida con el<br>fin de resguardar la probidad administrativa, proteger a las partes involucradas y<br>resguardar el prestigio del cargo.<br>La Delegaci\u00f3n Presidencial reafirma su compromiso con los principios de<br>transparencia, respeto institucional y debido proceso, valores que orientan la<br>designaci\u00f3n de autoridades en nuestra regi\u00f3n.<\/p>\n","protected":false},"excerpt":{"rendered":"<p>El Delegado Presidencial Regional deMagallanes y de la Ant\u00e1rtica Chilena acept\u00f3 este lunes la renuncia, de car\u00e1cterindeclinable e inmediata, presentada por el recientemente asumido Seremi deMiner\u00eda, V\u00edctor Vel\u00e1squez Nieto.Vel\u00e1squez fue&#8230; <a class=\"read-more\" href=\"https:\/\/www.radiopresidenteibanez.cl\/web\/delegacion-presidencial-acepta-renuncia-del-seremi-de-mineria\/\">Leer m\u00e1s<\/a><\/p>\n","protected":false},"author":2,"featured_media":58009,"comment_status":"closed","ping_status":"closed","sticky":false,"template":"","format":"standard","meta":{"footnotes":""},"categories":[1],"tags":[],"class_list":["post-58095","post","type-post","status-publish","format-standard","has-post-thumbnail","hentry","category-cronica"],"_links":{"self":[{"href":"https:\/\/www.radiopresidenteibanez.cl\/web\/wp-json\/wp\/v2\/posts\/58095","targetHints":{"allow":["GET"]}}],"collection":[{"href":"https:\/\/www.radiopresidenteibanez.cl\/web\/wp-json\/wp\/v2\/posts"}],"about":[{"href":"https:\/\/www.radiopresidenteibanez.cl\/web\/wp-json\/wp\/v2\/types\/post"}],"author":[{"embeddable":true,"href":"https:\/\/www.radiopresidenteibanez.cl\/web\/wp-json\/wp\/v2\/users\/2"}],"replies":[{"embeddable":true,"href":"https:\/\/www.radiopresidenteibanez.cl\/web\/wp-json\/wp\/v2\/comments?post=58095"}],"version-history":[{"count":0,"href":"https:\/\/www.radiopresidenteibanez.cl\/web\/wp-json\/wp\/v2\/posts\/58095\/revisions"}],"wp:featuredmedia":[{"embeddable":true,"href":"https:\/\/www.radiopresidenteibanez.cl\/web\/wp-json\/wp\/v2\/media\/58009"}],"wp:attachment":[{"href":"https:\/\/www.radiopresidenteibanez.cl\/web\/wp-json\/wp\/v2\/media?parent=58095"}],"wp:term":[{"taxonomy":"category","embeddable":true,"href":"https:\/\/www.radiopresidenteibanez.cl\/web\/wp-json\/wp\/v2\/categories?post=58095"},{"taxonomy":"post_tag","embeddable":true,"href":"https:\/\/www.radiopresidenteibanez.cl\/web\/wp-json\/wp\/v2\/tags?post=58095"}],"curies":[{"name":"wp","href":"https:\/\/api.w.org\/{rel}","templated":true}]}}