{"id":58091,"date":"2025-08-04T15:19:00","date_gmt":"2025-08-04T18:19:00","guid":{"rendered":"https:\/\/www.radiopresidenteibanez.cl\/web\/?p=58091"},"modified":"2025-08-04T14:41:50","modified_gmt":"2025-08-04T17:41:50","slug":"se-amplia-el-plazo-para-postular-a-premios-regionales-de-cultura-2025","status":"publish","type":"post","link":"https:\/\/www.radiopresidenteibanez.cl\/web\/se-amplia-el-plazo-para-postular-a-premios-regionales-de-cultura-2025\/","title":{"rendered":"Se ampl\u00eda el plazo para postular a Premios regionales de Cultura 2025"},"content":{"rendered":"\n<p>Hasta el pr\u00f3ximo 17 de agosto se extendi\u00f3 el plazo para postular a los Premios<br>Regionales de Cultura, Arte y Patrimonio 2025, convocatoria que tiene como<br>objetivo destacar la trayectoria de cultores del patrimonio cultural inmaterial y<br>organizaciones culturales comunitarias de la regi\u00f3n de Magallanes y de la<br>Ant\u00e1rtica Chilena.<br>A este reconocimiento, impulsado por la Seremi de las Culturas, las Artes y el<br>Patrimonio, a trav\u00e9s del programa Fortalecimiento de la Identidad Cultural<br>Regional (FICR), podr\u00e1n ser propuestas personas naturales vivas, mayores de 18<br>a\u00f1os, que acrediten residencia en la regi\u00f3n de Magallanes y que hayan<br>desarrollado trayectoria vinculada a la memoria, historia, pueblos, territorios,<br>maritorios, creencias, pr\u00e1cticas, saberes, espiritualidad, valores y \/o identidad<br>regional.<br>\u201cEsta es una oportunidad para que la comunidad proponga y reconozca a quienes<br>realizan un aporte al patrimonio cultural inmaterial en la regi\u00f3n. Nosotros como<br>instituci\u00f3n impulsamos esta iniciativa, pero es de car\u00e1cter participativa. Las y los<br>candidatos deben ser propuestos por la ciudadan\u00eda. Las comunidades viven y<br>conocen el impacto y aporte de las y los cultores en los diferentes territorios\u201d,<br>sostuvo el Seremi de las Culturas, Luis Navarro.<br>El certamen, una forma de poner en valor y visibilizar el trabajo de activaci\u00f3n<br>art\u00edstica, cultural y patrimonial que se realiza en la zona austral, considera dos<br>categor\u00edas de postulaci\u00f3n: Cultoras y cultores del patrimonio cultural inmaterial,<br>que reconocer\u00e1 a cuatro personas portadoras de tradici\u00f3n, que cuenten o no con<br>la certificaci\u00f3n del Registro de Patrimonio Cultural en Chile.<\/p>\n\n\n\n<p>Mientras que el segundo nivel corresponde a Organizaciones Comunitarias de<br>car\u00e1cter cultural o art\u00edstico. Se distinguir\u00e1 a cuatro entidades de derecho privado<br>sin fines de lucro, con personalidad jur\u00eddica vigente, con un m\u00ednimo de 10 a\u00f1os<br>de trayectoria y que hayan realizado relevantes aportes en producci\u00f3n, difusi\u00f3n,<br>investigaci\u00f3n e iniciativas en la regi\u00f3n de Magallanes, en cualquier g\u00e9nero,<br>disciplina y pr\u00e1ctica sociocultural, con beneficio para la comunidad.<br>Las y los ganadores recibir\u00e1n un galard\u00f3n y un est\u00edmulo monetario equivalente a<br>$1.500.000 (un mill\u00f3n quinientos mil pesos) y en el caso de las organizaciones<br>comunitarias ser\u00e1 de $2.000.000 (dos millones de pesos).<br>Las bases y formulario para la presentaci\u00f3n de candidatas y candidatos se<br>encuentran disponibles en el sitio la web de la Seremi de las Culturas de la<br>regi\u00f3n de Magallanes (www.cultura.gob.cl\/magallanes)<\/p>\n","protected":false},"excerpt":{"rendered":"<p>Hasta el pr\u00f3ximo 17 de agosto se extendi\u00f3 el plazo para postular a los PremiosRegionales de Cultura, Arte y Patrimonio 2025, convocatoria que tiene comoobjetivo destacar la trayectoria de cultores&#8230; <a class=\"read-more\" href=\"https:\/\/www.radiopresidenteibanez.cl\/web\/se-amplia-el-plazo-para-postular-a-premios-regionales-de-cultura-2025\/\">Leer m\u00e1s<\/a><\/p>\n","protected":false},"author":2,"featured_media":58092,"comment_status":"closed","ping_status":"closed","sticky":false,"template":"","format":"standard","meta":{"footnotes":""},"categories":[1],"tags":[],"class_list":["post-58091","post","type-post","status-publish","format-standard","has-post-thumbnail","hentry","category-cronica"],"_links":{"self":[{"href":"https:\/\/www.radiopresidenteibanez.cl\/web\/wp-json\/wp\/v2\/posts\/58091","targetHints":{"allow":["GET"]}}],"collection":[{"href":"https:\/\/www.radiopresidenteibanez.cl\/web\/wp-json\/wp\/v2\/posts"}],"about":[{"href":"https:\/\/www.radiopresidenteibanez.cl\/web\/wp-json\/wp\/v2\/types\/post"}],"author":[{"embeddable":true,"href":"https:\/\/www.radiopresidenteibanez.cl\/web\/wp-json\/wp\/v2\/users\/2"}],"replies":[{"embeddable":true,"href":"https:\/\/www.radiopresidenteibanez.cl\/web\/wp-json\/wp\/v2\/comments?post=58091"}],"version-history":[{"count":0,"href":"https:\/\/www.radiopresidenteibanez.cl\/web\/wp-json\/wp\/v2\/posts\/58091\/revisions"}],"wp:featuredmedia":[{"embeddable":true,"href":"https:\/\/www.radiopresidenteibanez.cl\/web\/wp-json\/wp\/v2\/media\/58092"}],"wp:attachment":[{"href":"https:\/\/www.radiopresidenteibanez.cl\/web\/wp-json\/wp\/v2\/media?parent=58091"}],"wp:term":[{"taxonomy":"category","embeddable":true,"href":"https:\/\/www.radiopresidenteibanez.cl\/web\/wp-json\/wp\/v2\/categories?post=58091"},{"taxonomy":"post_tag","embeddable":true,"href":"https:\/\/www.radiopresidenteibanez.cl\/web\/wp-json\/wp\/v2\/tags?post=58091"}],"curies":[{"name":"wp","href":"https:\/\/api.w.org\/{rel}","templated":true}]}}