{"id":58088,"date":"2025-08-04T13:17:00","date_gmt":"2025-08-04T16:17:00","guid":{"rendered":"https:\/\/www.radiopresidenteibanez.cl\/web\/?p=58088"},"modified":"2025-08-04T12:03:34","modified_gmt":"2025-08-04T15:03:34","slug":"dra-francisca-sanfuentes-parga-asume-como-nueva-subdirectora-medicatitular-del-hospital-clinico-de-magallanes","status":"publish","type":"post","link":"https:\/\/www.radiopresidenteibanez.cl\/web\/dra-francisca-sanfuentes-parga-asume-como-nueva-subdirectora-medicatitular-del-hospital-clinico-de-magallanes\/","title":{"rendered":"Dra. Francisca Sanfuentes Parga asume como nueva Subdirectora M\u00e9dicaTitular del Hospital Cl\u00ednico de Magallanes"},"content":{"rendered":"\n<p>Este lunes, la Directora del Servicio de Salud Magallanes, Ver\u00f3nica Y\u00e1\u00f1ez<br>Gonz\u00e1lez, present\u00f3 oficialmente ante el equipo directivo del Hospital Cl\u00ednico de<br>Magallanes a la nueva Subdirectora M\u00e9dica Titular del establecimiento, Dra.<br>Francisca Sanfuentes Parga.<br>La profesional asume este cargo tras haber sido seleccionada mediante el<br>Sistema de Alta Direcci\u00f3n P\u00fablica (ADP), mecanismo que garantiza procesos de<br>concurso p\u00fablico, abiertos y transparentes, orientados a asegurar que quienes<br>lideran cargos estrat\u00e9gicos en el Estado, cuenten con las competencias<br>necesarias para una gesti\u00f3n eficiente y con foco en el inter\u00e9s p\u00fablico. Su<br>nombramiento es reflejo de su probada capacidad de liderazgo, experiencia cl\u00ednica<br>y compromiso con la salud p\u00fablica.<br>Con su llegada, se cierra un ciclo de casi una d\u00e9cada en que la Subdirecci\u00f3n<br>M\u00e9dica fue ejercida en calidad de subrogancia. El \u00faltimo titular fue el Dr. Vladimir<br>Moraga Lalanne, quien dej\u00f3 el cargo en 2015. Desde entonces, el rol fue asumido<br>sucesivamente en calidad de subrogante por los doctores Claudio Barr\u00eda Pe\u00f1a,<br>Mar\u00eda Isabel Iduya Landa, Christos Varnava Torres, Erica Contreras Aravena y, en<br>el \u00faltimo per\u00edodo hasta la fecha, nuevamente por el Dr. Vladimir Moraga.<br>El nombramiento de la Dra. Sanfuentes representa un paso relevante en el<br>fortalecimiento de la estructura directiva del principal establecimiento de salud de<br>alta complejidad de la regi\u00f3n, en un momento en que se consolidan importantes<br>procesos de modernizaci\u00f3n institucional. Su gesti\u00f3n ser\u00e1 clave para impulsar una<br>atenci\u00f3n m\u00e9dica de calidad y contribuir a los desaf\u00edos de salud que enfrenta la<br>comunidad magall\u00e1nica.<br>Consignar que los cargos seleccionados a trav\u00e9s del Sistema ADP tienen una<br>duraci\u00f3n de tres a\u00f1os en desempe\u00f1o, con posibilidad de ser renovados hasta en<br>dos ocasiones, por igual per\u00edodo, previa evaluaci\u00f3n de desempe\u00f1o.<\/p>\n","protected":false},"excerpt":{"rendered":"<p>Este lunes, la Directora del Servicio de Salud Magallanes, Ver\u00f3nica Y\u00e1\u00f1ezGonz\u00e1lez, present\u00f3 oficialmente ante el equipo directivo del Hospital Cl\u00ednico deMagallanes a la nueva Subdirectora M\u00e9dica Titular del establecimiento, Dra.Francisca&#8230; <a class=\"read-more\" href=\"https:\/\/www.radiopresidenteibanez.cl\/web\/dra-francisca-sanfuentes-parga-asume-como-nueva-subdirectora-medicatitular-del-hospital-clinico-de-magallanes\/\">Leer m\u00e1s<\/a><\/p>\n","protected":false},"author":2,"featured_media":58089,"comment_status":"closed","ping_status":"closed","sticky":false,"template":"","format":"standard","meta":{"footnotes":""},"categories":[1],"tags":[],"class_list":["post-58088","post","type-post","status-publish","format-standard","has-post-thumbnail","hentry","category-cronica"],"_links":{"self":[{"href":"https:\/\/www.radiopresidenteibanez.cl\/web\/wp-json\/wp\/v2\/posts\/58088","targetHints":{"allow":["GET"]}}],"collection":[{"href":"https:\/\/www.radiopresidenteibanez.cl\/web\/wp-json\/wp\/v2\/posts"}],"about":[{"href":"https:\/\/www.radiopresidenteibanez.cl\/web\/wp-json\/wp\/v2\/types\/post"}],"author":[{"embeddable":true,"href":"https:\/\/www.radiopresidenteibanez.cl\/web\/wp-json\/wp\/v2\/users\/2"}],"replies":[{"embeddable":true,"href":"https:\/\/www.radiopresidenteibanez.cl\/web\/wp-json\/wp\/v2\/comments?post=58088"}],"version-history":[{"count":0,"href":"https:\/\/www.radiopresidenteibanez.cl\/web\/wp-json\/wp\/v2\/posts\/58088\/revisions"}],"wp:featuredmedia":[{"embeddable":true,"href":"https:\/\/www.radiopresidenteibanez.cl\/web\/wp-json\/wp\/v2\/media\/58089"}],"wp:attachment":[{"href":"https:\/\/www.radiopresidenteibanez.cl\/web\/wp-json\/wp\/v2\/media?parent=58088"}],"wp:term":[{"taxonomy":"category","embeddable":true,"href":"https:\/\/www.radiopresidenteibanez.cl\/web\/wp-json\/wp\/v2\/categories?post=58088"},{"taxonomy":"post_tag","embeddable":true,"href":"https:\/\/www.radiopresidenteibanez.cl\/web\/wp-json\/wp\/v2\/tags?post=58088"}],"curies":[{"name":"wp","href":"https:\/\/api.w.org\/{rel}","templated":true}]}}