{"id":58085,"date":"2025-08-04T11:53:00","date_gmt":"2025-08-04T14:53:00","guid":{"rendered":"https:\/\/www.radiopresidenteibanez.cl\/web\/?p=58085"},"modified":"2025-08-04T11:12:54","modified_gmt":"2025-08-04T14:12:54","slug":"sub-comision-de-prevencion-de-trata-de-personas-realizo-nuevo-operativo-nocturno","status":"publish","type":"post","link":"https:\/\/www.radiopresidenteibanez.cl\/web\/sub-comision-de-prevencion-de-trata-de-personas-realizo-nuevo-operativo-nocturno\/","title":{"rendered":"Sub comisi\u00f3n de prevenci\u00f3n de trata de personas realiz\u00f3 nuevo operativo nocturno"},"content":{"rendered":"\n<p>En el marco de las acciones que ejecuta la sub mesa de prevenci\u00f3n de la Trata de Personas, liderada por la seremi del Trabajo, PDI y Carabineros de Punta Arenas, se efectu\u00f3 un nuevo operativo nocturno en la capital regional, concretando un recorrido por siete establecimientos de la ciudad.<\/p>\n\n\n\n<p>Durante el desarrollo de esta nueva acci\u00f3n de car\u00e1cter preventivo, se realizaron controles de identidad, se constaron permisos laborales de personas migrantes y se entreg\u00f3 informaci\u00f3n respecto a c\u00f3mo y d\u00f3nde ejercer denuncias en caso de eventuales situaciones ligadas a la trata de personas.<\/p>\n\n\n\n<p>Al respecto, la seremi del Trabajo, Jessica Bengoa, destac\u00f3 que \u201ceste es el tercer operativo que realizamos este a\u00f1o y que, en esta ocasi\u00f3n, ejecutamos en conjunto con el equipo de la secretar\u00eda del Trabajo, con Carabineros y tambi\u00e9n con la Polic\u00eda de Investigaciones. Logramos llegar a un total de siete locales nocturnos de la ciudad de Punta Arenas. Nos restan todav\u00eda varios operativos, no s\u00f3lo en la capital regional, sino que tambi\u00e9n en otras provincias de la regi\u00f3n, ya que nuestro objetivo, como subcomisi\u00f3n de prevenci\u00f3n, es llegar a todo el territorio para detectar y prevenir posibles situaciones de vulneraci\u00f3n de derechos por trata de personas\u201d.<\/p>\n\n\n\n<p>Por su parte, en palabras del mayor (J) Juan Pablo Gatica, jefe de la secci\u00f3n de DD.HH. y Protecci\u00f3n de la familia de la regi\u00f3n de Magallanes, \u201cel fin de semana pasado se realiz\u00f3 una fiscalizaci\u00f3n por parte de la Seremi del Trabajo, Polic\u00eda de Investigaciones de Chile y la secci\u00f3n de DDHH y protecci\u00f3n de la familia de la zona de Magallanes de Carabineros de Chile. En esta oportunidad se fiscalizaron diversos locales nocturnos con la finalidad de dar a conocer el delito de trata de personas y con el objetivo de erradicar dicho delito, fiscalizando a distintas personas, tanto nacionales como migrantes, y cursando las infracciones correspondientes en los casos que proced\u00edan, por lo que terminamos con \u00e9xito esta fiscalizaci\u00f3n. A\u00fan quedan algunas fiscalizaciones m\u00e1s que se desarrollar\u00e1n durante el segundo semestre del a\u00f1o 2025\u201d.<\/p>\n\n\n\n<p>A su vez, el comisario Leonardo Alegr\u00eda, Jefe (s) del Departamento de Migraciones y Polic\u00eda Internacional de Punta Arenas, inform\u00f3 que \u201cdentro del \u00e1mbito de competencias de los detectives, se fiscalizaron a 48 personas extranjeras, de las cuales, 11 se encontraban en situaci\u00f3n irregular, por cuanto realizaban trabajos sin contar con la debida autorizaci\u00f3n. Las personas fueron denunciadas al Servicio Nacional de Migraciones, el que adoptar\u00e1 las medidas administrativas correspondientes\u201d.<\/p>\n\n\n\n<p>El delito de trata de personas fue incorporado a la legislaci\u00f3n chilena el a\u00f1o 2011 y, seg\u00fan lo indica el Ministerio del Interior, consiste en captar, trasladar, acoger o recibir a una persona mediante violencia o enga\u00f1o a fin de someterla a explotaci\u00f3n sexual, incluyendo trabajos o servicios forzados, servidumbre, esclavitud o pr\u00e1cticas an\u00e1logas a esta y constituye una de las m\u00e1s graves violaciones a los derechos humanos.<\/p>\n\n\n\n<p>Las acciones de prevenci\u00f3n y difusi\u00f3n que desarrolla esta sub comisi\u00f3n, forman parte de la Mesa Intersectorial de Trata de Personas, liderada por Justicia y DD.HH. en la regi\u00f3n.<\/p>\n","protected":false},"excerpt":{"rendered":"<p>En el marco de las acciones que ejecuta la sub mesa de prevenci\u00f3n de la Trata de Personas, liderada por la seremi del Trabajo, PDI y Carabineros de Punta Arenas,&#8230; <a class=\"read-more\" href=\"https:\/\/www.radiopresidenteibanez.cl\/web\/sub-comision-de-prevencion-de-trata-de-personas-realizo-nuevo-operativo-nocturno\/\">Leer m\u00e1s<\/a><\/p>\n","protected":false},"author":2,"featured_media":58086,"comment_status":"closed","ping_status":"closed","sticky":false,"template":"","format":"standard","meta":{"footnotes":""},"categories":[1],"tags":[],"class_list":["post-58085","post","type-post","status-publish","format-standard","has-post-thumbnail","hentry","category-cronica"],"_links":{"self":[{"href":"https:\/\/www.radiopresidenteibanez.cl\/web\/wp-json\/wp\/v2\/posts\/58085","targetHints":{"allow":["GET"]}}],"collection":[{"href":"https:\/\/www.radiopresidenteibanez.cl\/web\/wp-json\/wp\/v2\/posts"}],"about":[{"href":"https:\/\/www.radiopresidenteibanez.cl\/web\/wp-json\/wp\/v2\/types\/post"}],"author":[{"embeddable":true,"href":"https:\/\/www.radiopresidenteibanez.cl\/web\/wp-json\/wp\/v2\/users\/2"}],"replies":[{"embeddable":true,"href":"https:\/\/www.radiopresidenteibanez.cl\/web\/wp-json\/wp\/v2\/comments?post=58085"}],"version-history":[{"count":0,"href":"https:\/\/www.radiopresidenteibanez.cl\/web\/wp-json\/wp\/v2\/posts\/58085\/revisions"}],"wp:featuredmedia":[{"embeddable":true,"href":"https:\/\/www.radiopresidenteibanez.cl\/web\/wp-json\/wp\/v2\/media\/58086"}],"wp:attachment":[{"href":"https:\/\/www.radiopresidenteibanez.cl\/web\/wp-json\/wp\/v2\/media?parent=58085"}],"wp:term":[{"taxonomy":"category","embeddable":true,"href":"https:\/\/www.radiopresidenteibanez.cl\/web\/wp-json\/wp\/v2\/categories?post=58085"},{"taxonomy":"post_tag","embeddable":true,"href":"https:\/\/www.radiopresidenteibanez.cl\/web\/wp-json\/wp\/v2\/tags?post=58085"}],"curies":[{"name":"wp","href":"https:\/\/api.w.org\/{rel}","templated":true}]}}