{"id":58082,"date":"2025-08-04T10:39:00","date_gmt":"2025-08-04T13:39:00","guid":{"rendered":"https:\/\/www.radiopresidenteibanez.cl\/web\/?p=58082"},"modified":"2025-08-04T09:40:49","modified_gmt":"2025-08-04T12:40:49","slug":"admision-escolar-2026-este-martes-5-de-agosto-comienza-el-proceso-de-postulacion-a-establecimientos","status":"publish","type":"post","link":"https:\/\/www.radiopresidenteibanez.cl\/web\/admision-escolar-2026-este-martes-5-de-agosto-comienza-el-proceso-de-postulacion-a-establecimientos\/","title":{"rendered":"Admisi\u00f3n Escolar 2026: este martes 5 de agosto comienza el proceso de postulaci\u00f3n a establecimientos"},"content":{"rendered":"\n<p>Este martes 5 de agosto, a las 9:00 horas, comenzar\u00e1n las postulaciones del Sistema de Admisi\u00f3n Escolar (SAE), la plataforma del Ministerio de Educaci\u00f3n que permite a las familias ingresar a establecimientos municipales, de Servicios Locales de Educaci\u00f3n P\u00fablica (SLEP), de administraci\u00f3n delegada o particulares subvencionados.<\/p>\n\n\n\n<p>Las postulaciones se realizan en el sitio&nbsp;<a href=\"https:\/\/www.sistemadeadmisionescolar.cl\/\" target=\"_blank\" rel=\"noreferrer noopener\"><strong>www.sistemadeadmisionescolar.cl<\/strong><\/a>, y estar\u00e1n abiertas hasta el jueves 28 de agosto, a las 14:00 horas. El proceso es totalmente digital, gratuito y transparente, y se puede realizar en cualquier momento antes de la fecha de t\u00e9rmino, es decir, no es por orden de llegada.<\/p>\n\n\n\n<p>El seremi de Educaci\u00f3n, Valent\u00edn Aguilera G\u00f3mez, indic\u00f3 que \u00abes importante conocer la plataforma del Sistema de Admisi\u00f3n Escolar y revisar con detalle toda la informaci\u00f3n que se encuentra a disposici\u00f3n de cada establecimiento educacional, para que las familias puedan tomar las mejores decisiones respecto a la postulaci\u00f3n en este periodo. Debemos se\u00f1alar que durante el proceso de admisi\u00f3n, estar\u00e1 habilitado un stand de atenci\u00f3n presencial para todas las personas que lo requieran en las oficinas&nbsp;de&nbsp;la&nbsp;Secreduc\u00bb.<\/p>\n\n\n\n<p><strong>Admisi\u00f3n Escolar (SAE): \u00bfQui\u00e9nes deben participar?<\/strong><\/p>\n\n\n\n<p>Si bien el SAE puede ser ocupado por todas las familias, hay un grupo que est\u00e1 obligado a usarlo si quiere matricular a sus estudiantes en la educaci\u00f3n p\u00fablica y particular subvencionada para el pr\u00f3ximo a\u00f1o:<\/p>\n\n\n\n<ol start=\"1\" class=\"wp-block-list\">\n<li><strong>Ni\u00f1os y ni\u00f1as que est\u00e1n reci\u00e9n entrando al sistema educacional,<\/strong>\u00a0por ejemplo, aquellos que el pr\u00f3ximo a\u00f1o estar\u00e1n en prek\u00ednder, k\u00ednder o 1\u00b0 b\u00e1sico.<\/li>\n\n\n\n<li><strong>Estudiantes que est\u00e1n en un establecimiento que no ofrece el siguiente nivel,<\/strong>\u00a0por ejemplo, si est\u00e1n en una escuela que solo llega hasta 8\u00b0 b\u00e1sico y tienen que pasar a 1\u00b0 medio, por lo que requieren postular a un liceo.<\/li>\n\n\n\n<li><strong>Familias que se est\u00e1n cambiando de ciudad,<\/strong>\u00a0por lo que necesariamente tienen que cambiar a sus hijos de establecimiento.<\/li>\n\n\n\n<li><strong>Familias que est\u00e1n llegando a Chile,<\/strong>\u00a0por lo que est\u00e1n buscando un establecimiento para sus hijos. Para ello, necesitan obtener el Identificador Provisorio Escolar (IPE) e Identificador Provisorio del Apoderado (IPA), que deben solicitar en\u00a0<a href=\"https:\/\/www.ayudamineduc.cl\/ficha\/solicitud-de-identificador-provisorio-escolar-ipe\" target=\"_blank\" rel=\"noreferrer noopener\">Ayuda Mineduc<\/a>.<\/li>\n\n\n\n<li><strong>Estudiantes que quieran reinsertarse en el sistema educativo,\u00a0<\/strong>excepto si tienen 15 a\u00f1os o m\u00e1s y quieren volver a la ense\u00f1anza b\u00e1sica, o si tienen 17 a\u00f1os o m\u00e1s y quieren volver a la ense\u00f1anza media, en cuyo caso deben buscar cupos en un establecimiento de Educaci\u00f3n para Personas J\u00f3venes y Adultas (m\u00e1s informaci\u00f3n en\u00a0<a href=\"https:\/\/epja.mineduc.cl\/\" target=\"_blank\" rel=\"noreferrer noopener\">https:\/\/epja.mineduc.cl\/<\/a>).<\/li>\n<\/ol>\n\n\n\n<p>Es importante recordar que, si una familia ya tiene un establecimiento para su hijo o hija, postula a otro y queda asignado en el nuevo que postul\u00f3, el cupo que ten\u00eda en el primer colegio&nbsp;<strong>se libera autom\u00e1ticamente para otra persona que lo necesite<\/strong>, independiente de si acepta o rechaza su asignaci\u00f3n.<\/p>\n\n\n\n<p><strong>\u00bfC\u00f3mo postular en el SAE?<\/strong><\/p>\n\n\n\n<ol start=\"1\" class=\"wp-block-list\">\n<li><strong>Ingresar a la plataforma:<\/strong>\u00a0en\u00a0<a href=\"http:\/\/www.sistemadeadmisionescolar.cl\/\" target=\"_blank\" rel=\"noreferrer noopener\">www.sistemadeadmisionescolar.cl<\/a>\u00a0pueden registrarse para ingresar a su cuenta, familiarizarse con la p\u00e1gina web y encontrar toda la informaci\u00f3n necesaria para postular.<\/li>\n\n\n\n<li><strong>Buscar establecimientos:<\/strong>\u00a0en la plataforma encontrar\u00e1n una vitrina de establecimientos (<a href=\"https:\/\/admision.mineduc.cl\/vitrina-vue\" target=\"_blank\" rel=\"noreferrer noopener\">https:\/\/admision.mineduc.cl\/vitrina-vue<\/a>) que sirve para revisar los datos de los proyectos educativos que participan en el proceso, filtr\u00e1ndolos por regi\u00f3n, comuna, nivel y tipo de jornada, Programa de Integraci\u00f3n Escolar (PIE), entre otros criterios.<\/li>\n\n\n\n<li><strong>Revisar los proyectos educativos:<\/strong>\u00a0en esa vitrina pueden revisar los datos los indicadores de desempe\u00f1o acad\u00e9mico de la Agencia de Calidad de la Educaci\u00f3n, las caracter\u00edsticas de infraestructura, las actividades extraprogram\u00e1ticas, los apoyos acad\u00e9micos y la ubicaci\u00f3n geogr\u00e1fica, entre otros.<\/li>\n\n\n\n<li><strong>Postular al menos a seis establecimientos:<\/strong>\u00a0se recomienda marcar\u00a0al menos seis establecimientos distintos, en orden de preferencia, porque mientras m\u00e1s establecimientos ingresen, m\u00e1s opciones tendr\u00e1n de obtener un cupo. Luego de postular, deben descargar su comprobante.<\/li>\n\n\n\n<li><strong>Postular solo si lo necesitan:<\/strong>\u00a0si bien todos pueden usar el SAE, se recomienda no hacer postulaciones para \u201cprobar suerte\u201d, ya que, si un estudiante tiene un establecimiento, postula en el SAE y queda asignado a uno nuevo, liberar\u00e1 el cupo de su establecimiento actual, independiente de si acepta o rechaza su asignaci\u00f3n.<\/li>\n\n\n\n<li><strong>La postulaci\u00f3n no es por orden de llegada:<\/strong>\u00a0las familias podr\u00e1n postular entre el 5 y el 28 de agosto. Incluso pueden modificar el orden de preferencias, agregar establecimientos o eliminar su postulaci\u00f3n hasta que se cierre el proceso, por lo que se aconseja hacer este tr\u00e1mite con calma.<\/li>\n<\/ol>\n","protected":false},"excerpt":{"rendered":"<p>Este martes 5 de agosto, a las 9:00 horas, comenzar\u00e1n las postulaciones del Sistema de Admisi\u00f3n Escolar (SAE), la plataforma del Ministerio de Educaci\u00f3n que permite a las familias ingresar&#8230; <a class=\"read-more\" href=\"https:\/\/www.radiopresidenteibanez.cl\/web\/admision-escolar-2026-este-martes-5-de-agosto-comienza-el-proceso-de-postulacion-a-establecimientos\/\">Leer m\u00e1s<\/a><\/p>\n","protected":false},"author":2,"featured_media":58083,"comment_status":"closed","ping_status":"closed","sticky":false,"template":"","format":"standard","meta":{"footnotes":""},"categories":[1],"tags":[],"class_list":["post-58082","post","type-post","status-publish","format-standard","has-post-thumbnail","hentry","category-cronica"],"_links":{"self":[{"href":"https:\/\/www.radiopresidenteibanez.cl\/web\/wp-json\/wp\/v2\/posts\/58082","targetHints":{"allow":["GET"]}}],"collection":[{"href":"https:\/\/www.radiopresidenteibanez.cl\/web\/wp-json\/wp\/v2\/posts"}],"about":[{"href":"https:\/\/www.radiopresidenteibanez.cl\/web\/wp-json\/wp\/v2\/types\/post"}],"author":[{"embeddable":true,"href":"https:\/\/www.radiopresidenteibanez.cl\/web\/wp-json\/wp\/v2\/users\/2"}],"replies":[{"embeddable":true,"href":"https:\/\/www.radiopresidenteibanez.cl\/web\/wp-json\/wp\/v2\/comments?post=58082"}],"version-history":[{"count":0,"href":"https:\/\/www.radiopresidenteibanez.cl\/web\/wp-json\/wp\/v2\/posts\/58082\/revisions"}],"wp:featuredmedia":[{"embeddable":true,"href":"https:\/\/www.radiopresidenteibanez.cl\/web\/wp-json\/wp\/v2\/media\/58083"}],"wp:attachment":[{"href":"https:\/\/www.radiopresidenteibanez.cl\/web\/wp-json\/wp\/v2\/media?parent=58082"}],"wp:term":[{"taxonomy":"category","embeddable":true,"href":"https:\/\/www.radiopresidenteibanez.cl\/web\/wp-json\/wp\/v2\/categories?post=58082"},{"taxonomy":"post_tag","embeddable":true,"href":"https:\/\/www.radiopresidenteibanez.cl\/web\/wp-json\/wp\/v2\/tags?post=58082"}],"curies":[{"name":"wp","href":"https:\/\/api.w.org\/{rel}","templated":true}]}}