{"id":58079,"date":"2025-08-04T09:26:00","date_gmt":"2025-08-04T12:26:00","guid":{"rendered":"https:\/\/www.radiopresidenteibanez.cl\/web\/?p=58079"},"modified":"2025-08-04T08:44:07","modified_gmt":"2025-08-04T11:44:07","slug":"tabsa-completa-traslado-de-aerogeneradores-a-tierra-del-fuego-a-traves-del-estrecho-de-magallanes","status":"publish","type":"post","link":"https:\/\/www.radiopresidenteibanez.cl\/web\/tabsa-completa-traslado-de-aerogeneradores-a-tierra-del-fuego-a-traves-del-estrecho-de-magallanes\/","title":{"rendered":"TABSA completa traslado de aerogeneradores a Tierra del Fuego a trav\u00e9s del Estrecho de Magallanes"},"content":{"rendered":"\n<p>Un generador y una aspa fueron trasladados desde el terminal de Tres Puentes hasta Bah\u00eda Azul, en Tierra del Fuego, mediante el ferry K\u00e9nos de TABSA, embarcaci\u00f3n que zarp\u00f3 este domingo a las 9.30&nbsp;horas iniciando de&nbsp; esta forma el noveno, y \u00faltimo, viaje programado para el traslado de dos aerogeneradores que ser\u00e1n utilizados en el proyecto que Total Energies desarrolla en R\u00edo Cullen, Argentina.<\/p>\n\n\n\n<p>Cada viaje demand\u00f3 7 horas de navegaci\u00f3n ininterrumpida por el Estrecho de Magallanes, con altos est\u00e1ndares de seguridad y, sin la necesidad de interrumpir la conectividad terrestre de las rutas CH9, CH255 y CH257 que unen la capital de la regi\u00f3n de Magallanes con el terminal de Bah\u00eda Azul, en Tierra del Fuego.<\/p>\n\n\n\n<p>\u201cEn total trasladamos 864 toneladas de carga sin interrumpir la conectividad terrestre, permitiendo que las familias, empresas e instituciones contin\u00faen con sus labores cotidianas\u201d, destac\u00f3 el Subgerente de Servicios Mar\u00edtimos y Portuarios de TABSA, Julio Dansencich.<\/p>\n\n\n\n<p>La empresa naviera ejecut\u00f3 el traslado de las piezas m\u00e1s voluminosas, 2 generadores de 100 toneladas cada uno. Asimismo, la operaci\u00f3n log\u00edstica implic\u00f3 mover hacia Tierra del Fuego, 6 aspas, 8 tramos de torre, 2 hub y 2 nacelle, \u201csin la necesidad de realizar estudios de puentes u otros m\u00e1s complejos para planificar la ruta terrestre\u201d, explic\u00f3 el ejecutivo.<\/p>\n\n\n\n<p>Indic\u00f3 que&nbsp;TABSA ha consolidado su rol como operador log\u00edstico clave en la macrozona austral mediante el desarrollo de soluciones de transporte mar\u00edtimo especializadas para proyectos de gran escala e infraestructura cr\u00edtica.<\/p>\n\n\n\n<p>En este contexto,&nbsp;el Gerente General de TABSA, Crist\u00f3bal Kulczewski, dijo que \u201cel Estrecho de Magallanes se vuelve a posicionar como una carretera mar\u00edtima y corredor natural m\u00e1s eficiente, seguro y sustentable para el movimiento de cargas sobredimensionadas y sobrepeso asociadas al desarrollo al futuro del hidr\u00f3geno verde en el Cono Sur\u201d.<\/p>\n","protected":false},"excerpt":{"rendered":"<p>Un generador y una aspa fueron trasladados desde el terminal de Tres Puentes hasta Bah\u00eda Azul, en Tierra del Fuego, mediante el ferry K\u00e9nos de TABSA, embarcaci\u00f3n que zarp\u00f3 este&#8230; <a class=\"read-more\" href=\"https:\/\/www.radiopresidenteibanez.cl\/web\/tabsa-completa-traslado-de-aerogeneradores-a-tierra-del-fuego-a-traves-del-estrecho-de-magallanes\/\">Leer m\u00e1s<\/a><\/p>\n","protected":false},"author":2,"featured_media":58080,"comment_status":"closed","ping_status":"closed","sticky":false,"template":"","format":"standard","meta":{"footnotes":""},"categories":[1],"tags":[],"class_list":["post-58079","post","type-post","status-publish","format-standard","has-post-thumbnail","hentry","category-cronica"],"_links":{"self":[{"href":"https:\/\/www.radiopresidenteibanez.cl\/web\/wp-json\/wp\/v2\/posts\/58079","targetHints":{"allow":["GET"]}}],"collection":[{"href":"https:\/\/www.radiopresidenteibanez.cl\/web\/wp-json\/wp\/v2\/posts"}],"about":[{"href":"https:\/\/www.radiopresidenteibanez.cl\/web\/wp-json\/wp\/v2\/types\/post"}],"author":[{"embeddable":true,"href":"https:\/\/www.radiopresidenteibanez.cl\/web\/wp-json\/wp\/v2\/users\/2"}],"replies":[{"embeddable":true,"href":"https:\/\/www.radiopresidenteibanez.cl\/web\/wp-json\/wp\/v2\/comments?post=58079"}],"version-history":[{"count":0,"href":"https:\/\/www.radiopresidenteibanez.cl\/web\/wp-json\/wp\/v2\/posts\/58079\/revisions"}],"wp:featuredmedia":[{"embeddable":true,"href":"https:\/\/www.radiopresidenteibanez.cl\/web\/wp-json\/wp\/v2\/media\/58080"}],"wp:attachment":[{"href":"https:\/\/www.radiopresidenteibanez.cl\/web\/wp-json\/wp\/v2\/media?parent=58079"}],"wp:term":[{"taxonomy":"category","embeddable":true,"href":"https:\/\/www.radiopresidenteibanez.cl\/web\/wp-json\/wp\/v2\/categories?post=58079"},{"taxonomy":"post_tag","embeddable":true,"href":"https:\/\/www.radiopresidenteibanez.cl\/web\/wp-json\/wp\/v2\/tags?post=58079"}],"curies":[{"name":"wp","href":"https:\/\/api.w.org\/{rel}","templated":true}]}}