{"id":58076,"date":"2025-08-04T08:59:00","date_gmt":"2025-08-04T11:59:00","guid":{"rendered":"https:\/\/www.radiopresidenteibanez.cl\/web\/?p=58076"},"modified":"2025-08-04T08:40:24","modified_gmt":"2025-08-04T11:40:24","slug":"boletin-informativo-orbe-52","status":"publish","type":"post","link":"https:\/\/www.radiopresidenteibanez.cl\/web\/boletin-informativo-orbe-52\/","title":{"rendered":"BOLETIN INFORMATIVO ORBE"},"content":{"rendered":"\n<p>RANCAGUA.- El Presidente Gabriel Boric lament\u00f3 la muerte de<br>seis mineros en la mina El Teniente, y asegur\u00f3 que el<br>Gobierno \u00abno descansar\u00e1 hasta tener claridad de lo que<br>sucedi\u00f3\u00bb y \u00abestablecer las responsabilidades\u00bb para que no<br>vuelva a ocurrir una tragedia de estas caracter\u00edsticas. El<br>Mandatario extendi\u00f3 sus \u00abm\u00e1s sinceras condolencias\u00bb a las<br>familias de las v\u00edctimas, afirmando que \u00abel pueblo de Chile<br>entero recibe esta noticia con pesar y dolor\u00bb.<\/p>\n\n\n\n<p>RANCAGUA.- El Jefe de Estado, adem\u00e1s, inform\u00f3 que el Gobierno<br>decidi\u00f3 \u00abdecretar tres d\u00edas de duelo nacional\u00bb, con lo que se<br>busca \u00abhonrar la memoria de Paulo Mar\u00edn, Gonzalo N\u00fa\u00f1ez, \u00c1lex<br>Araya, Carlos Arancibia, Jean Miranda y Mois\u00e9s Pavez, y<br>acompa\u00f1ar a sus familias y seres queridos en su dolor\u00bb. \u00abLa<br>bandera a media asta ser\u00e1 un s\u00edmbolo de la desolaci\u00f3n ante su<br>p\u00e9rdida, pero tambi\u00e9n de unidad, de un pa\u00eds que ante la<br>tragedia se vuelve uno solo\u00bb, enfatiz\u00f3.<\/p>\n\n\n\n<p>RANCAGUA.- Tras el hallazgo de los trabajadores que estaban<br>desaparecidos en el interior de la Divisi\u00f3n El Teniente de<br>Codelco, el fiscal regional de O&#8217;Higgins Aquiles Cubillos<br>confirm\u00f3 que el sitio del accidente fue clausurado. De<br>acuerdo al persecutor, \u00abpor ahora en la mina vamos a hacer<br>diligencias de levantamiento de informaci\u00f3n. En alg\u00fan minuto<br>s\u00ed vamos a hacer algunas inspecciones. Tenemos que volver<br>cuando, obviamente, las medidas de seguridad lo permitan\u00bb.<\/p>\n\n\n\n<p>RANCAGUA.- Sobre las causas del accidente, el fiscal Cubillos<br>indic\u00f3 que \u00abno tenemos una hip\u00f3tesis fija. Esta es una<br>investigaci\u00f3n totalmente abierta. Obviamente vamos a<br>investigar todas las l\u00edneas investigativas que ya se han<br>mencionado. Y, sin duda, las reuniones que vamos a sostener<br>en los pr\u00f3ximos d\u00edas nos van a ir marcando las diligencias<br>que debemos ir decretando\u00bb, adem\u00e1s de se\u00f1alar que subray\u00f3 que<br>no hab\u00edan recibido denuncias sobre problemas en la mina.<\/p>\n\n\n\n<p>RANCAGUA.- La ministra de Miner\u00eda, Aurora Williams, adelant\u00f3<br>que a\u00fan \u00abno hay un plazo\u00bb claro para reanudar las faenas en<br>la Divisi\u00f3n El Teniente, al menos de forma parcial. \u00abNo<br>estamos en condiciones de dar garant\u00edas, sino que en la<br>pr\u00e1ctica, de revisar caso a caso\u00bb, afirm\u00f3. Seg\u00fan la<br>secretaria de Estado, \u00ablo que buscamos hacer es que esto sea<br>con la mayor celeridad, pero que no afecte la rigurosidad\u00bb.<\/p>\n\n\n\n<p>RANCAGUA.- El presidente del directorio de Codelco, M\u00e1ximo<br>Pacheco, adelant\u00f3 que se encargar\u00e1 un auditor\u00eda internacional<br>para aclarar las razones del accidente ocurrido en la la mina<br>El Teniente. Pacheco dijo que la empresa \u00abha colaborado<br>activamente hasta ahora y lo seguir\u00e1 haciendo con todo lo que<br>sea necesario para esclarecer cada detalle de esta tragedia,<br>porque somos los primeros interesados en entender pronto y<br>fehacientemente qu\u00e9 fue lo que sucedi\u00f3\u00bb.<\/p>\n\n\n\n<p>RANCAGUA.- Asimismo, Pacheco enfatiz\u00f3 que \u00ablos seis<br>trabajadores que hemos perdido no ser\u00e1n olvidados\u00bb, y que<br>\u00abhonraremos su memoria con acciones concretas y con cambios<br>que fortalezcan a\u00fan m\u00e1s nuestra cultura de seguridad.<br>Seguiremos acompa\u00f1ando a sus familias, no como un gesto, sino<br>como un deber, con la memoria de los mineros fallecidos\u00bb.<\/p>\n","protected":false},"excerpt":{"rendered":"<p>RANCAGUA.- El Presidente Gabriel Boric lament\u00f3 la muerte deseis mineros en la mina El Teniente, y asegur\u00f3 que elGobierno \u00abno descansar\u00e1 hasta tener claridad de lo quesucedi\u00f3\u00bb y \u00abestablecer las&#8230; <a class=\"read-more\" href=\"https:\/\/www.radiopresidenteibanez.cl\/web\/boletin-informativo-orbe-52\/\">Leer m\u00e1s<\/a><\/p>\n","protected":false},"author":2,"featured_media":58077,"comment_status":"closed","ping_status":"closed","sticky":false,"template":"","format":"standard","meta":{"footnotes":""},"categories":[1],"tags":[],"class_list":["post-58076","post","type-post","status-publish","format-standard","has-post-thumbnail","hentry","category-cronica"],"_links":{"self":[{"href":"https:\/\/www.radiopresidenteibanez.cl\/web\/wp-json\/wp\/v2\/posts\/58076","targetHints":{"allow":["GET"]}}],"collection":[{"href":"https:\/\/www.radiopresidenteibanez.cl\/web\/wp-json\/wp\/v2\/posts"}],"about":[{"href":"https:\/\/www.radiopresidenteibanez.cl\/web\/wp-json\/wp\/v2\/types\/post"}],"author":[{"embeddable":true,"href":"https:\/\/www.radiopresidenteibanez.cl\/web\/wp-json\/wp\/v2\/users\/2"}],"replies":[{"embeddable":true,"href":"https:\/\/www.radiopresidenteibanez.cl\/web\/wp-json\/wp\/v2\/comments?post=58076"}],"version-history":[{"count":0,"href":"https:\/\/www.radiopresidenteibanez.cl\/web\/wp-json\/wp\/v2\/posts\/58076\/revisions"}],"wp:featuredmedia":[{"embeddable":true,"href":"https:\/\/www.radiopresidenteibanez.cl\/web\/wp-json\/wp\/v2\/media\/58077"}],"wp:attachment":[{"href":"https:\/\/www.radiopresidenteibanez.cl\/web\/wp-json\/wp\/v2\/media?parent=58076"}],"wp:term":[{"taxonomy":"category","embeddable":true,"href":"https:\/\/www.radiopresidenteibanez.cl\/web\/wp-json\/wp\/v2\/categories?post=58076"},{"taxonomy":"post_tag","embeddable":true,"href":"https:\/\/www.radiopresidenteibanez.cl\/web\/wp-json\/wp\/v2\/tags?post=58076"}],"curies":[{"name":"wp","href":"https:\/\/api.w.org\/{rel}","templated":true}]}}