{"id":58072,"date":"2025-08-04T08:29:58","date_gmt":"2025-08-04T11:29:58","guid":{"rendered":"https:\/\/www.radiopresidenteibanez.cl\/web\/?p=58072"},"modified":"2025-08-04T08:31:48","modified_gmt":"2025-08-04T11:31:48","slug":"la-mineria-esta-de-luto","status":"publish","type":"post","link":"https:\/\/www.radiopresidenteibanez.cl\/web\/la-mineria-esta-de-luto\/","title":{"rendered":"LA MINER\u00cdA EST\u00c1 DE LUTO"},"content":{"rendered":"\n<p>Chile es un pa\u00eds minero. Desde antes de los or\u00edgenes de nuestra naci\u00f3n independiente, ya se efectuaban labores mineras en la Colonia, nuestra principal riqueza es y ha sido siempre, la que se extrae de las entra\u00f1as de la tierra. El d\u00eda de hoy, la principal empresa minera del mundo es CODELCO CHILE, una empresa estatal. Las faenas mineras por su complejidad y la dificultad que conllevan los trabajos mismos, lleva aparejado el riesgo. La labor minera se encuentra<br>siempre bajo condiciones de riesgo que otras labores no tienen. Cada cierto tiempo sobrevienen accidentes del trabajo, con resultado de lesiones graves, o con resultado de muerte. Esta semana todo el pa\u00eds se conmovi\u00f3 con el accidente ocurrido en la Divisi\u00f3n El Teniente de CODELCO, donde ocurri\u00f3 un derrumbe de un sector de la mina subterr\u00e1nea. En un primer momento s\u00f3lo supimos del fallecimiento de un trabajador, y la desaparici\u00f3n de otros cinco, que se encontraban<br>atrapados en un sector colapsado de la mina. En los hogares de todo Chile, las familias nos unimos en oraci\u00f3n, enviando fuerzas a las familias de los mineros atrapados. Quien no pens\u00f3 que podr\u00eda darse un rescate exitoso, como aquel tan recordado de la mina San Jos\u00e9 en la regi\u00f3n de Atacama. Sin embargo, tempranamente el mismo Ingeniero Sugarret, que fue protagonista del rescate de los 33, hoy como Vicepresidente de Operaciones de CODELCO, descart\u00f3 cualquier similitud entre ambos casos, dadas las condiciones de ambos minerales. La Mina El Teniente es la mayor mina<br>subterr\u00e1nea del mundo, con m\u00e1s de 2.500 kms. de t\u00faneles. Usa tecnolog\u00eda de punta tanto en la exploraci\u00f3n como en la explotaci\u00f3n del mineral. Asimismo, las tareas mineras se realizan con los mayores est\u00e1ndares de seguridad y salud en el trabajo. Las labores de rescate contaron con cobertura medi\u00e1tica permanente, y en menos de 72 horas, la actividad de los rescatistas fue exitosa, logrando acceder al sector donde se encontraban los cuerpos de los mineros ya fallecidos.<br>Es dif\u00edcil imaginar una noticia m\u00e1s triste e impactante para las familias de estos trabajadores, como tambi\u00e9n para sus compa\u00f1eros de trabajo. S\u00f3lo queda ahora esperar los resultados de la auditor\u00eda internacional anunciada por el presidente del directorio de CODELCO M\u00e1ximo Pacheco. La tecnolog\u00eda que ha desarrollado la cupr\u00edfera en miner\u00eda subterr\u00e1nea est\u00e1 en las \u201cfronteras del conocimiento\u201d, en palabras del propio Pacheco, por lo que un evento como el ocurrido deber\u00e1 ser objeto de acuciosos estudios, para adoptar las medidas que corresponden.<br>Dudo que haya quedado alg\u00fan ojo que no se haya humedecido al menos, viendo las im\u00e1genes de las familias y vecinos haciendo velatones y cadenas de oraci\u00f3n por los trabajadores del cobre. En este breve lapso, muchos pudieron aprender un poco m\u00e1s del tipo de trabajo que hace CODELCO en mina El Teniente. Algunos se habr\u00e1n impactado viendo la cultura de solidaridad de la familia minera, lo unidos que son. En los pr\u00f3ximos d\u00edas podr\u00e1n ver la resiliencia que tiene<br>el minero, que va a darlo todo por volver a poner la mina en marcha.<br>Eventos tan tr\u00e1gicos como este que conmueven el alma nacional, son la ocasi\u00f3n para trabajar todos juntos.<br>Gracias a eso pudimos ver que el directorio ejecutivo de CODELCO convoc\u00f3 a todos los que tuvieran alguna experiencia en la gesti\u00f3n de riesgos o en gesti\u00f3n estrat\u00e9gica. Dentro de ellos se ha unido a esta comisi\u00f3n asesora, ex gerentes de operaciones, y ex autoridades de gobiernos conservadores, como Laurence Goulborne, quien reside en Colombia. No es tiempo de sacar r\u00e9ditos pol\u00edticos, ni de pasar cuentas peque\u00f1as, y as\u00ed lo ha entendido casi todo el espectro pol\u00edtico.<br>En horas de la tarde del domingo el presidente de la rep\u00fablica realiz\u00f3 desde Rancagua, un sentido discurso, condoli\u00e9ndose por la tragedia y comprometiendo el apoyo de la institucionalidad de la miner\u00eda y del trabajo, en la investigaci\u00f3n del accidente. Asimismo, se decret\u00f3 tres d\u00edas de duelo nacional, en memoria de los seis mineros fallecidos.<br>No puedo dejar de pensar, en el rescate de los 33 mineros que fue un momento de gloria y triunfo para el difunto presidente Pi\u00f1era, un instante en que el fragor de la contienda pol\u00edtica pareci\u00f3 cesar por un breve tiempo. Fue un momento de reflexi\u00f3n y uni\u00f3n de todo el pa\u00eds. Hasta sus m\u00e1s enconados detractores depusieron su animosidad y rindieron tributo con su silencio, a la buena noticia, del exitoso rescate. Como muchos otros me ilusion\u00e9 de que podr\u00eda suceder algo parecido en El Teniente, creo que todos esper\u00e1bamos que, aunque los casos fueran distintos, podr\u00eda haber<br>una peque\u00f1a posibilidad de que se pudiera rescatar a alguno con vida. Finamente, se impuso lo que los propios trabajadores del Cobre hab\u00edan anticipado, y tuvimos que lamentar la partida de los seis trabajadores.<\/p>\n\n\n\n<p>El estado emocional en que el pa\u00eds se encuentra, apenado y doliente, no admite otra actitud que respetar el duelo. Hacer silencio por unos d\u00edas, ser\u00eda el mejor homenaje. En momentos en que la pena embarga a gran parte del pa\u00eds, uno esperar\u00eda que los l\u00edderes pol\u00edticos mostraran un poco de decencia, y depusieran su animosidad, su agresividad y su violencia. Aunque se pueda pensar que es una ingenuidad pedir algo as\u00ed. Pienso que en instantes como este es donde se prueba el verdadero car\u00e1cter. Mucho m\u00e1s en la derrota y en la tragedia, que, en los momentos de celebraci\u00f3n, se sopesa el car\u00e1cter de los liderazgos. Ser\u00e1 momento de evaluar, que tan atinadas son las reacciones de quienes pretenden dirigir el pa\u00eds en unos meses m\u00e1s. \u00bfVeremos discursos furibundos atribuyendo culpas de antemano?, o \u00bfSe producir\u00e1 el encuentro y reflexi\u00f3n acerca del mejor camino para poner a la miner\u00eda de nuevo de pie?, \u00bfVeremos a los consabidos pol\u00edticos exigiendo la privatizaci\u00f3n de CODELCO o se presentar\u00e1n propuestas para el fortalecimiento del<br>principal activo del estado de Chile?<br>Estamos hoy en un momento en que las familias de los mineros fallecidos, sus compa\u00f1eros trabajadores de la Mina, y Chile entero, espera un trato con dignidad y respeto, sin aprovechamientos pol\u00edticos, con la mirada puesta en los m\u00faltiples desaf\u00edos que est\u00e1n por<\/p>\n","protected":false},"excerpt":{"rendered":"<p>Chile es un pa\u00eds minero. Desde antes de los or\u00edgenes de nuestra naci\u00f3n independiente, ya se efectuaban labores mineras en la Colonia, nuestra principal riqueza es y ha sido siempre,&#8230; <a class=\"read-more\" href=\"https:\/\/www.radiopresidenteibanez.cl\/web\/la-mineria-esta-de-luto\/\">Leer m\u00e1s<\/a><\/p>\n","protected":false},"author":2,"featured_media":58073,"comment_status":"closed","ping_status":"closed","sticky":false,"template":"","format":"standard","meta":{"footnotes":""},"categories":[1],"tags":[],"class_list":["post-58072","post","type-post","status-publish","format-standard","has-post-thumbnail","hentry","category-cronica"],"_links":{"self":[{"href":"https:\/\/www.radiopresidenteibanez.cl\/web\/wp-json\/wp\/v2\/posts\/58072","targetHints":{"allow":["GET"]}}],"collection":[{"href":"https:\/\/www.radiopresidenteibanez.cl\/web\/wp-json\/wp\/v2\/posts"}],"about":[{"href":"https:\/\/www.radiopresidenteibanez.cl\/web\/wp-json\/wp\/v2\/types\/post"}],"author":[{"embeddable":true,"href":"https:\/\/www.radiopresidenteibanez.cl\/web\/wp-json\/wp\/v2\/users\/2"}],"replies":[{"embeddable":true,"href":"https:\/\/www.radiopresidenteibanez.cl\/web\/wp-json\/wp\/v2\/comments?post=58072"}],"version-history":[{"count":0,"href":"https:\/\/www.radiopresidenteibanez.cl\/web\/wp-json\/wp\/v2\/posts\/58072\/revisions"}],"wp:featuredmedia":[{"embeddable":true,"href":"https:\/\/www.radiopresidenteibanez.cl\/web\/wp-json\/wp\/v2\/media\/58073"}],"wp:attachment":[{"href":"https:\/\/www.radiopresidenteibanez.cl\/web\/wp-json\/wp\/v2\/media?parent=58072"}],"wp:term":[{"taxonomy":"category","embeddable":true,"href":"https:\/\/www.radiopresidenteibanez.cl\/web\/wp-json\/wp\/v2\/categories?post=58072"},{"taxonomy":"post_tag","embeddable":true,"href":"https:\/\/www.radiopresidenteibanez.cl\/web\/wp-json\/wp\/v2\/tags?post=58072"}],"curies":[{"name":"wp","href":"https:\/\/api.w.org\/{rel}","templated":true}]}}