{"id":58066,"date":"2025-08-03T14:25:00","date_gmt":"2025-08-03T17:25:00","guid":{"rendered":"https:\/\/www.radiopresidenteibanez.cl\/web\/?p=58066"},"modified":"2025-08-03T12:01:48","modified_gmt":"2025-08-03T15:01:48","slug":"hospital-clinico-de-magallanes-obtiene-acreditacion-de-calidad-y-seguridad-en-la-atencion-de-salud","status":"publish","type":"post","link":"https:\/\/www.radiopresidenteibanez.cl\/web\/hospital-clinico-de-magallanes-obtiene-acreditacion-de-calidad-y-seguridad-en-la-atencion-de-salud\/","title":{"rendered":"Hospital Cl\u00ednico de Magallanes obtiene Acreditaci\u00f3n de Calidad y Seguridad en la Atenci\u00f3n de Salud"},"content":{"rendered":"\n<p>Con gran orgullo, el Hospital Cl\u00ednico de Magallanes informa a la comunidad<br>que ha obtenido oficialmente la Acreditaci\u00f3n de Calidad y Seguridad en<br>la Atenci\u00f3n de Salud, de acuerdo con la Resoluci\u00f3n Exenta N\u00b0 3907 del<br>31 de julio de 2025, emitida por la Intendencia de Prestadores de la<br>Superintendencia de Salud de Chile.<br>Este importante reconocimiento certifica que el establecimiento cumple con<br>los est\u00e1ndares exigidos por la normativa vigente en materia de calidad y<br>seguridad, uno de los pilares fundamentales de la reforma de salud en<br>nuestro pa\u00eds.<br>El logro ha sido posible gracias al esfuerzo conjunto de todos los equipos<br>que conforman el hospital: desde las unidades cl\u00ednicas hasta los servicios<br>de apoyo, \u00e1reas administrativas, log\u00edsticas y t\u00e9cnicas. Cada mejora<br>implementada y cada tarea desarrollada con compromiso y excelencia ha<br>sido fundamental para alcanzar este resultado.<br>El director del Hospital Cl\u00ednico de Magallanes, Ricardo Contreras Fa\u00fandez,<br>expres\u00f3 su reconocimiento a todos quienes hicieron posible esta<br>acreditaci\u00f3n. \u201cEste es un hito en nuestra historia institucional, fruto del<br>trabajo colectivo y del compromiso inquebrantable por brindar una atenci\u00f3n<br>segura, confiable y humanizada. Destaco especialmente al equipo de<br>Calidad Asistencial, que lider\u00f3 este proceso con profesionalismo y<br>constancia, gui\u00e1ndonos paso a paso hacia la meta que hoy celebramos\u201d,<br>se\u00f1al\u00f3.<br>La obtenci\u00f3n de esta acreditaci\u00f3n no representa un punto de t\u00e9rmino, sino<br>un nuevo compromiso con la mejora continua y con el fortalecimiento de<br>una cultura de calidad en beneficio de todos los usuarios y usuarias del<br>sistema p\u00fablico de salud en Magallanes.<br>El Hospital Cl\u00ednico de Magallanes reafirma as\u00ed su misi\u00f3n de entregar<br>atenci\u00f3n de alta complejidad con los m\u00e1s altos est\u00e1ndares, y continuar<br>avanzando en la construcci\u00f3n de un sistema de salud m\u00e1s seguro y digno<br>para todos.<\/p>\n","protected":false},"excerpt":{"rendered":"<p>Con gran orgullo, el Hospital Cl\u00ednico de Magallanes informa a la comunidadque ha obtenido oficialmente la Acreditaci\u00f3n de Calidad y Seguridad enla Atenci\u00f3n de Salud, de acuerdo con la Resoluci\u00f3n&#8230; <a class=\"read-more\" href=\"https:\/\/www.radiopresidenteibanez.cl\/web\/hospital-clinico-de-magallanes-obtiene-acreditacion-de-calidad-y-seguridad-en-la-atencion-de-salud\/\">Leer m\u00e1s<\/a><\/p>\n","protected":false},"author":2,"featured_media":58067,"comment_status":"closed","ping_status":"closed","sticky":false,"template":"","format":"standard","meta":{"footnotes":""},"categories":[1],"tags":[],"class_list":["post-58066","post","type-post","status-publish","format-standard","has-post-thumbnail","hentry","category-cronica"],"_links":{"self":[{"href":"https:\/\/www.radiopresidenteibanez.cl\/web\/wp-json\/wp\/v2\/posts\/58066","targetHints":{"allow":["GET"]}}],"collection":[{"href":"https:\/\/www.radiopresidenteibanez.cl\/web\/wp-json\/wp\/v2\/posts"}],"about":[{"href":"https:\/\/www.radiopresidenteibanez.cl\/web\/wp-json\/wp\/v2\/types\/post"}],"author":[{"embeddable":true,"href":"https:\/\/www.radiopresidenteibanez.cl\/web\/wp-json\/wp\/v2\/users\/2"}],"replies":[{"embeddable":true,"href":"https:\/\/www.radiopresidenteibanez.cl\/web\/wp-json\/wp\/v2\/comments?post=58066"}],"version-history":[{"count":0,"href":"https:\/\/www.radiopresidenteibanez.cl\/web\/wp-json\/wp\/v2\/posts\/58066\/revisions"}],"wp:featuredmedia":[{"embeddable":true,"href":"https:\/\/www.radiopresidenteibanez.cl\/web\/wp-json\/wp\/v2\/media\/58067"}],"wp:attachment":[{"href":"https:\/\/www.radiopresidenteibanez.cl\/web\/wp-json\/wp\/v2\/media?parent=58066"}],"wp:term":[{"taxonomy":"category","embeddable":true,"href":"https:\/\/www.radiopresidenteibanez.cl\/web\/wp-json\/wp\/v2\/categories?post=58066"},{"taxonomy":"post_tag","embeddable":true,"href":"https:\/\/www.radiopresidenteibanez.cl\/web\/wp-json\/wp\/v2\/tags?post=58066"}],"curies":[{"name":"wp","href":"https:\/\/api.w.org\/{rel}","templated":true}]}}