{"id":58024,"date":"2025-08-01T21:49:50","date_gmt":"2025-08-02T00:49:50","guid":{"rendered":"https:\/\/www.radiopresidenteibanez.cl\/web\/?p=58024"},"modified":"2025-08-01T21:55:54","modified_gmt":"2025-08-02T00:55:54","slug":"rolo-contreras","status":"publish","type":"post","link":"https:\/\/www.radiopresidenteibanez.cl\/web\/rolo-contreras\/","title":{"rendered":"ROLO CONTRERAS"},"content":{"rendered":"\n<p>El cantautor magall\u00e1nico Rolo Contreras logro cautivar una vez mas al publico presente en la segunda noche de festival en la Patagonia llev\u00e1ndose Ovejero y \u00d1andu.<\/p>\n\n\n\n<p>Al finalizar su presentaci\u00f3n se\u00f1alo sentir que logro a trav\u00e9s de su canto ganarse los premios festivaleros despu\u00e9s de varios a\u00f1os ausente del escenario Alfonso \u00abcocho\u00bb C\u00e1rcamo<\/p>\n","protected":false},"excerpt":{"rendered":"<p>El cantautor magall\u00e1nico Rolo Contreras logro cautivar una vez mas al publico presente en la segunda noche de festival en la Patagonia llev\u00e1ndose Ovejero y \u00d1andu. Al finalizar su presentaci\u00f3n&#8230; <a class=\"read-more\" href=\"https:\/\/www.radiopresidenteibanez.cl\/web\/rolo-contreras\/\">Leer m\u00e1s<\/a><\/p>\n","protected":false},"author":2,"featured_media":58025,"comment_status":"closed","ping_status":"closed","sticky":false,"template":"","format":"standard","meta":{"footnotes":""},"categories":[1],"tags":[],"class_list":["post-58024","post","type-post","status-publish","format-standard","has-post-thumbnail","hentry","category-cronica"],"_links":{"self":[{"href":"https:\/\/www.radiopresidenteibanez.cl\/web\/wp-json\/wp\/v2\/posts\/58024","targetHints":{"allow":["GET"]}}],"collection":[{"href":"https:\/\/www.radiopresidenteibanez.cl\/web\/wp-json\/wp\/v2\/posts"}],"about":[{"href":"https:\/\/www.radiopresidenteibanez.cl\/web\/wp-json\/wp\/v2\/types\/post"}],"author":[{"embeddable":true,"href":"https:\/\/www.radiopresidenteibanez.cl\/web\/wp-json\/wp\/v2\/users\/2"}],"replies":[{"embeddable":true,"href":"https:\/\/www.radiopresidenteibanez.cl\/web\/wp-json\/wp\/v2\/comments?post=58024"}],"version-history":[{"count":0,"href":"https:\/\/www.radiopresidenteibanez.cl\/web\/wp-json\/wp\/v2\/posts\/58024\/revisions"}],"wp:featuredmedia":[{"embeddable":true,"href":"https:\/\/www.radiopresidenteibanez.cl\/web\/wp-json\/wp\/v2\/media\/58025"}],"wp:attachment":[{"href":"https:\/\/www.radiopresidenteibanez.cl\/web\/wp-json\/wp\/v2\/media?parent=58024"}],"wp:term":[{"taxonomy":"category","embeddable":true,"href":"https:\/\/www.radiopresidenteibanez.cl\/web\/wp-json\/wp\/v2\/categories?post=58024"},{"taxonomy":"post_tag","embeddable":true,"href":"https:\/\/www.radiopresidenteibanez.cl\/web\/wp-json\/wp\/v2\/tags?post=58024"}],"curies":[{"name":"wp","href":"https:\/\/api.w.org\/{rel}","templated":true}]}}