{"id":58014,"date":"2025-08-01T14:25:00","date_gmt":"2025-08-01T17:25:00","guid":{"rendered":"https:\/\/www.radiopresidenteibanez.cl\/web\/?p=58014"},"modified":"2025-08-01T11:09:16","modified_gmt":"2025-08-01T14:09:16","slug":"paes-regular-2025-logra-cifra-record-mas-de-300-mil-personas-se-inscribieron-para-rendirla-en-diciembre","status":"publish","type":"post","link":"https:\/\/www.radiopresidenteibanez.cl\/web\/paes-regular-2025-logra-cifra-record-mas-de-300-mil-personas-se-inscribieron-para-rendirla-en-diciembre\/","title":{"rendered":"PAES Regular 2025 logra cifra r\u00e9cord: m\u00e1s de 300 mil personas se inscribieron para rendirla en diciembre"},"content":{"rendered":"\n<p>El pasado jueves 24 de julio, a las 13:00 horas,&nbsp;finaliz\u00f3 el Proceso de Inscripci\u00f3n a la PAES Regular 2025, admisi\u00f3n 2026. Originalmente el periodo cerraba un d\u00eda antes, sin embargo, se extendi\u00f3 por 24 horas, medida que se implement\u00f3 por \u00faltima vez seg\u00fan defini\u00f3 el Comit\u00e9 T\u00e9cnico de Acceso al subsistema universitario. &nbsp;<\/p>\n\n\n\n<p>Seg\u00fan cifras preliminares, el n\u00famero de inscritas e inscritos marc\u00f3 un r\u00e9cord, con 300.623 personas registradas para rendir las pruebas que se aplicar\u00e1n el lunes 1, martes 2 y mi\u00e9rcoles 3 de diciembre de 2025.&nbsp;&nbsp;<\/p>\n\n\n\n<p>Considerando todos los registros, se trata de la de inscripci\u00f3n m\u00e1s numerosa para dar las pruebas de admisi\u00f3n a la educaci\u00f3n superior hasta la fecha, con un 2,2% de inscritos e inscritas m\u00e1s que en 2024, a\u00f1o en que se registraron 294.097 personas para rendir la PAES Regular. &nbsp;<\/p>\n\n\n\n<p>Ante este balance, V\u00edctor Orellana, subsecretario de Educaci\u00f3n Superior, enfatiz\u00f3 que \u201choy las personas acceden a la educaci\u00f3n superior en distintos momentos de su vida, ejemplo de esto, es que m\u00e1s de un cuarto de las personas que se inscribi\u00f3 para rendir la PAES Regular ya egres\u00f3 de 4\u00b0 medio. Por otro lado, este es el registro m\u00e1s alto en la historia del pa\u00eds, lo que da cuenta de que hay un inter\u00e9s creciente por parte de quienes habitan Chile respecto a continuar sus estudios, adquirir nuevas competencias y conocimientos. Esas son noticias positivas tanto para el desarrollo personal como para el crecimiento y el desarrollo de las regiones y el pa\u00eds\u201d.&nbsp;<\/p>\n\n\n\n<p>Por su parte, Leonor Varas, directora del DEMRE, sostuvo que esta cifra \u201cnos alegra, porque, adem\u00e1s de ser in\u00e9dita, demuestra que las personas conf\u00edan en la PAES y en el proceso de admisi\u00f3n en general, que ha tenido cambios que consideramos favorables para las y los postulantes en los \u00faltimos a\u00f1os. Esperamos que todos los inscritos concurran a dar las pruebas y obtengan buenos resultados pensando en un futuro en la educaci\u00f3n superior, sabiendo, adem\u00e1s, que ahora tienen m\u00e1s opciones de rendici\u00f3n el pr\u00f3ximo a\u00f1o, lo que les debe restar ansiedad\u201d.&nbsp;<\/p>\n\n\n\n<p><strong>Otras cifras importantes<\/strong>&nbsp;<\/p>\n\n\n\n<p>El cierre del proceso de inscripci\u00f3n a la PAES Regular, admisi\u00f3n 2026, arroj\u00f3 otras cifras destacables, tambi\u00e9n preliminares. Entre ellas, que un 60.9% de las y los inscritos proviene de regiones distintas a la Metropolitana. &nbsp;<\/p>\n\n\n\n<p>Al igual que el a\u00f1o pasado, quienes m\u00e1s se inscribieron para rendir la PAES Regular fueron estudiantes que actualmente est\u00e1n cursando 4\u00ba Medio, con un 73,1%. En tanto, las y los postulantes de promociones anteriores llegaron al 26,9% del total.&nbsp;<\/p>\n\n\n\n<p>En relaci\u00f3n a la participaci\u00f3n de mujeres, esta alcanz\u00f3 un 53%, mientras que la de los hombres, un 47%. Adem\u00e1s, las y los inscritos provenientes de establecimientos t\u00e9cnico&#8211; profesionales aumentaron en un 3%, llegando a las 78.213 personas.&nbsp;<\/p>\n\n\n\n<p>En lo que respecta a tipo de instituci\u00f3n, seg\u00fan el primer balance, se inscribieron 158.517 personas de establecimientos particulares subvencionados, 32.623 de particulares pagados y 108.026 de establecimientos p\u00fablicos (municipales, de Servicios Locales de Educaci\u00f3n P\u00fablica \u2013SLEP- y de Administraci\u00f3n Delegada). En este \u00faltimo caso, es un 2,8% m\u00e1s que en el proceso pasado.&nbsp;<\/p>\n\n\n\n<p>Tambi\u00e9n aument\u00f3 en m\u00e1s de 7.400 la cantidad de personas inscritas a la PAES de Competencia Matem\u00e1tica 2 (M2) en relaci\u00f3n con el a\u00f1o anterior: en este proceso fueron 163.847 quienes se registraron para dar esta prueba, un 54,5% del total de postulantes. En cambio, el a\u00f1o pasado 156.365 personas se inscribieron para rendirla (53.2%).&nbsp;<\/p>\n\n\n\n<p><strong>Pr\u00f3ximas fechas relevantes de la Admisi\u00f3n 2026<\/strong>&nbsp;<\/p>\n\n\n\n<ul class=\"wp-block-list\">\n<li>25 de septiembre de 2025: publicaci\u00f3n de la oferta definitiva de carreras, vacantes y ponderaciones para la admisi\u00f3n 2026.\u00a0<\/li>\n<\/ul>\n\n\n\n<ul class=\"wp-block-list\">\n<li>8 de octubre de 2025: publicaci\u00f3n del simulador de postulaciones.\u00a0<\/li>\n<\/ul>\n\n\n\n<ul class=\"wp-block-list\">\n<li>1, 2 y 3 de diciembre de 2025: aplicaci\u00f3n de la PAES Regular, admisi\u00f3n 2026.\u00a0<\/li>\n<\/ul>\n\n\n\n<ul class=\"wp-block-list\">\n<li>5 de enero de 2026: entrega de resultados de la PAES Regular, admisi\u00f3n 2026.\u00a0<\/li>\n<\/ul>\n\n\n\n<ul class=\"wp-block-list\">\n<li>5 de enero de 2026: inicio etapa de postulaci\u00f3n a las universidades, admisi\u00f3n 2026.\u00a0<\/li>\n<\/ul>\n\n\n\n<ul class=\"wp-block-list\">\n<li>8 de enero de 2026: t\u00e9rmino etapa de postulaci\u00f3n a las universidades, admisi\u00f3n 2026.\u00a0<\/li>\n<\/ul>\n\n\n\n<ul class=\"wp-block-list\">\n<li>19 de enero de 2026: entrega de resultados del proceso de selecci\u00f3n, admisi\u00f3n 2026.\u00a0<\/li>\n<\/ul>\n\n\n\n<ul class=\"wp-block-list\">\n<li>20 al 22 de enero de 2026: primera etapa de matr\u00edcula, admisi\u00f3n 2026.\u00a0<\/li>\n<\/ul>\n\n\n\n<ul class=\"wp-block-list\">\n<li>23 al 29 de enero de 2026: segunda etapa de matr\u00edcula, admisi\u00f3n 2026.\u00a0<\/li>\n<\/ul>\n","protected":false},"excerpt":{"rendered":"<p>El pasado jueves 24 de julio, a las 13:00 horas,&nbsp;finaliz\u00f3 el Proceso de Inscripci\u00f3n a la PAES Regular 2025, admisi\u00f3n 2026. Originalmente el periodo cerraba un d\u00eda antes, sin embargo,&#8230; <a class=\"read-more\" href=\"https:\/\/www.radiopresidenteibanez.cl\/web\/paes-regular-2025-logra-cifra-record-mas-de-300-mil-personas-se-inscribieron-para-rendirla-en-diciembre\/\">Leer m\u00e1s<\/a><\/p>\n","protected":false},"author":2,"featured_media":58015,"comment_status":"closed","ping_status":"closed","sticky":false,"template":"","format":"standard","meta":{"footnotes":""},"categories":[1],"tags":[],"class_list":["post-58014","post","type-post","status-publish","format-standard","has-post-thumbnail","hentry","category-cronica"],"_links":{"self":[{"href":"https:\/\/www.radiopresidenteibanez.cl\/web\/wp-json\/wp\/v2\/posts\/58014","targetHints":{"allow":["GET"]}}],"collection":[{"href":"https:\/\/www.radiopresidenteibanez.cl\/web\/wp-json\/wp\/v2\/posts"}],"about":[{"href":"https:\/\/www.radiopresidenteibanez.cl\/web\/wp-json\/wp\/v2\/types\/post"}],"author":[{"embeddable":true,"href":"https:\/\/www.radiopresidenteibanez.cl\/web\/wp-json\/wp\/v2\/users\/2"}],"replies":[{"embeddable":true,"href":"https:\/\/www.radiopresidenteibanez.cl\/web\/wp-json\/wp\/v2\/comments?post=58014"}],"version-history":[{"count":0,"href":"https:\/\/www.radiopresidenteibanez.cl\/web\/wp-json\/wp\/v2\/posts\/58014\/revisions"}],"wp:featuredmedia":[{"embeddable":true,"href":"https:\/\/www.radiopresidenteibanez.cl\/web\/wp-json\/wp\/v2\/media\/58015"}],"wp:attachment":[{"href":"https:\/\/www.radiopresidenteibanez.cl\/web\/wp-json\/wp\/v2\/media?parent=58014"}],"wp:term":[{"taxonomy":"category","embeddable":true,"href":"https:\/\/www.radiopresidenteibanez.cl\/web\/wp-json\/wp\/v2\/categories?post=58014"},{"taxonomy":"post_tag","embeddable":true,"href":"https:\/\/www.radiopresidenteibanez.cl\/web\/wp-json\/wp\/v2\/tags?post=58014"}],"curies":[{"name":"wp","href":"https:\/\/api.w.org\/{rel}","templated":true}]}}