{"id":58008,"date":"2025-08-01T11:39:00","date_gmt":"2025-08-01T14:39:00","guid":{"rendered":"https:\/\/www.radiopresidenteibanez.cl\/web\/?p=58008"},"modified":"2025-08-01T10:43:28","modified_gmt":"2025-08-01T13:43:28","slug":"nuevos-seremis-de-salud-y-mineria-asumen-funciones-en-la-region","status":"publish","type":"post","link":"https:\/\/www.radiopresidenteibanez.cl\/web\/nuevos-seremis-de-salud-y-mineria-asumen-funciones-en-la-region\/","title":{"rendered":"Nuevos Seremis de Salud y Miner\u00eda asumen funciones en la regi\u00f3n"},"content":{"rendered":"\n<p>La Delegaci\u00f3n Presidencial Regional informa<br>a la comunidad y a los medios de comunicaci\u00f3n que, a partir de esta semana, se<br>han oficializado los nombramientos de las nuevas autoridades regionales que<br>estar\u00e1n al frente de las Secretar\u00edas Regionales Ministeriales (Seremis) de Salud y<br>Miner\u00eda, a partir del lunes 04 de agosto.<br>En la cartera de Salud, asume la doctora Lidia Amarales Osorio, m\u00e9dico cirujano<br>de la Universidad de Chile con especialidades en Pediatr\u00eda y Enfermedades<br>Respiratorias Infantiles. Realiz\u00f3 estudios de postgrado en Fellowship en<br>Pulmonolog\u00eda Pedi\u00e1trica y Fibrosis Qu\u00edstica, en el Hospital Acad\u00e9mico Universidad<br>Libre de Bruselas, B\u00e9lgica.Es Mag\u00edster en Salud P\u00fablica y ha desarrollado una<br>reconocida trayectoria en el \u00e1mbito acad\u00e9mico, de la gesti\u00f3n p\u00fablica y en pol\u00edticas<br>sanitarias, especialmente en tabaquismo y salud respiratoria. Fue Subsecretaria<br>de Salud P\u00fablica del MINSAL, Directora de SENDA y SEREMI de Salud de<br>Magallanes. Ha liderado investigaciones financiadas por FONIS y ha sido autora<br>de m\u00faltiples publicaciones cient\u00edficas. Recientemente fue Subdirectora Acad\u00e9mica<br>del CADI-UMAG y es directora del programa RespiraLibre, iniciativa de prevenci\u00f3n<br>del tabaquismo implementada en diversos centros de salud del pa\u00eds.<br>Por su parte, en la cartera de Miner\u00eda, asume el abogado V\u00edctor Vel\u00e1squez<br>Nieto, licenciado en Ciencias Jur\u00eddicas y Sociales por la Universidad San<br>Sebasti\u00e1n y con un desarrollo acad\u00e9mico en \u00e1reas como derecho penal,<br>constitucional, tributario y de los negocios. Cuenta con tres mag\u00edsteres, varios<br>diplomados nacionales e internacionales. Ha ejercido como docente universitario,<br>asesor jur\u00eddico en el \u00e1mbito p\u00fablico y privado, y recientemente se desempe\u00f1\u00f3<br>como abogado en la Seremi de Hacienda de la Regi\u00f3n de Magallanes.<br>Ambas nuevas autoridades ya se encuentran en funciones y estar\u00e1n disponibles<br>para coordinar sus respectivas agendas sectoriales con actores p\u00fablicos y<br>privados, as\u00ed como con la ciudadan\u00eda.<br>Al respecto, el Delegado Presidencial Regional, Jos\u00e9 Ruiz Pivcevic, expres\u00f3 su<br>satisfacci\u00f3n por contar con ambos profesionales en el Gabinete Regional: \u201cQuiero<\/p>\n\n\n\n<p>agradecer sinceramente a la doctora Francisca Sanfuentes por su compromiso,<br>profesionalismo y el valioso trabajo desarrollado durante su gesti\u00f3n, que dej\u00f3<br>importantes avances para la regi\u00f3n. En esa misma l\u00ednea, damos la bienvenida a la<br>doctora Lidia Amarales, cuya experiencia y compromiso con la salud p\u00fablica son<br>ampliamente reconocidos, y confiamos en que su incorporaci\u00f3n permitir\u00e1 dar<br>continuidad y proyecci\u00f3n al trabajo que hemos impulsado.<br>Asimismo, saludamos la incorporaci\u00f3n del abogado V\u00edctor Vel\u00e1squez, quien<br>asume nuevos desaf\u00edos en el servicio p\u00fablico y confiamos en que aportar\u00e1<br>positivamente al trabajo regional.\u201d<\/p>\n","protected":false},"excerpt":{"rendered":"<p>La Delegaci\u00f3n Presidencial Regional informaa la comunidad y a los medios de comunicaci\u00f3n que, a partir de esta semana, sehan oficializado los nombramientos de las nuevas autoridades regionales queestar\u00e1n al&#8230; <a class=\"read-more\" href=\"https:\/\/www.radiopresidenteibanez.cl\/web\/nuevos-seremis-de-salud-y-mineria-asumen-funciones-en-la-region\/\">Leer m\u00e1s<\/a><\/p>\n","protected":false},"author":2,"featured_media":58009,"comment_status":"closed","ping_status":"closed","sticky":false,"template":"","format":"standard","meta":{"footnotes":""},"categories":[1],"tags":[],"class_list":["post-58008","post","type-post","status-publish","format-standard","has-post-thumbnail","hentry","category-cronica"],"_links":{"self":[{"href":"https:\/\/www.radiopresidenteibanez.cl\/web\/wp-json\/wp\/v2\/posts\/58008","targetHints":{"allow":["GET"]}}],"collection":[{"href":"https:\/\/www.radiopresidenteibanez.cl\/web\/wp-json\/wp\/v2\/posts"}],"about":[{"href":"https:\/\/www.radiopresidenteibanez.cl\/web\/wp-json\/wp\/v2\/types\/post"}],"author":[{"embeddable":true,"href":"https:\/\/www.radiopresidenteibanez.cl\/web\/wp-json\/wp\/v2\/users\/2"}],"replies":[{"embeddable":true,"href":"https:\/\/www.radiopresidenteibanez.cl\/web\/wp-json\/wp\/v2\/comments?post=58008"}],"version-history":[{"count":0,"href":"https:\/\/www.radiopresidenteibanez.cl\/web\/wp-json\/wp\/v2\/posts\/58008\/revisions"}],"wp:featuredmedia":[{"embeddable":true,"href":"https:\/\/www.radiopresidenteibanez.cl\/web\/wp-json\/wp\/v2\/media\/58009"}],"wp:attachment":[{"href":"https:\/\/www.radiopresidenteibanez.cl\/web\/wp-json\/wp\/v2\/media?parent=58008"}],"wp:term":[{"taxonomy":"category","embeddable":true,"href":"https:\/\/www.radiopresidenteibanez.cl\/web\/wp-json\/wp\/v2\/categories?post=58008"},{"taxonomy":"post_tag","embeddable":true,"href":"https:\/\/www.radiopresidenteibanez.cl\/web\/wp-json\/wp\/v2\/tags?post=58008"}],"curies":[{"name":"wp","href":"https:\/\/api.w.org\/{rel}","templated":true}]}}