{"id":58004,"date":"2025-08-01T09:48:58","date_gmt":"2025-08-01T12:48:58","guid":{"rendered":"https:\/\/www.radiopresidenteibanez.cl\/web\/?p=58004"},"modified":"2025-08-01T10:23:36","modified_gmt":"2025-08-01T13:23:36","slug":"consejero-cardenas-advierte-sobre-fuerte-impacto-por-cierre-de-rusffin","status":"publish","type":"post","link":"https:\/\/www.radiopresidenteibanez.cl\/web\/consejero-cardenas-advierte-sobre-fuerte-impacto-por-cierre-de-rusffin\/","title":{"rendered":"Consejero C\u00e1rdenas advierte sobre fuerte impacto por cierre de Rusffin"},"content":{"rendered":"\n<p>Con profunda preocupaci\u00f3n reaccion\u00f3 el consejero regional por Tierra del Fuego, Rodolfo C\u00e1rdenas, ante la confirmaci\u00f3n del cierre de operaciones de la empresa Rusffin en la provincia, tras cuatro a\u00f1os de funcionamiento. La noticia fue oficializada mediante una carta enviada a los proveedores, donde la compa\u00f1\u00eda argumenta una baja en la demanda, altos costos log\u00edsticos y cuatro a\u00f1os consecutivos de p\u00e9rdidas como principales causas del t\u00e9rmino de sus actividades.<\/p>\n\n\n\n<p>\u201cEl cierre de Rusffin tendr\u00e1 un efecto directo sobre trabajadores y empresas prestadoras de servicios locales. Es una se\u00f1al clara de que necesitamos actuar con rapidez y responsabilidad desde el Gobierno Regional y los distintos servicios p\u00fablicos\u201d, advirti\u00f3 C\u00e1rdenas.<\/p>\n\n\n\n<p>En esa l\u00ednea, el representante fueguino urgi\u00f3 a las autoridades a agilizar la ejecuci\u00f3n de proyectos actualmente paralizados o con demoras significativas, tanto en sus etapas de dise\u00f1o como de ejecuci\u00f3n. \u201cIniciativas como la construcci\u00f3n de la nueva costanera de Porvenir o la mejora del aer\u00f3dromo son claves no solo para dinamizar la econom\u00eda local, sino tambi\u00e9n para generar empleos y dar se\u00f1ales concretas de apoyo a la comunidad\u201d, sostuvo.<\/p>\n\n\n\n<p>Asimismo, C\u00e1rdenas puso \u00e9nfasis en el atraso que presentan programas impulsados por SERCOTEC y financiados por el Gobierno Regional, los que est\u00e1n orientados a fortalecer a peque\u00f1as y medianas empresas. \u201cEn un momento en que la econom\u00eda local se ver\u00e1 resentida, no podemos permitir que estas herramientas de apoyo sigan sin ejecutarse. Necesitamos medidas reactivas ahora\u201d, enfatiz\u00f3.<\/p>\n\n\n\n<p>El consejero concluy\u00f3 reiterando su compromiso con los habitantes de la provincia y llam\u00f3 a priorizar el di\u00e1logo interinstitucional para mitigar los efectos negativos que generar\u00e1 la salida de Rusffin del territorio fueguino.<\/p>\n","protected":false},"excerpt":{"rendered":"<p>Con profunda preocupaci\u00f3n reaccion\u00f3 el consejero regional por Tierra del Fuego, Rodolfo C\u00e1rdenas, ante la confirmaci\u00f3n del cierre de operaciones de la empresa Rusffin en la provincia, tras cuatro a\u00f1os&#8230; <a class=\"read-more\" href=\"https:\/\/www.radiopresidenteibanez.cl\/web\/consejero-cardenas-advierte-sobre-fuerte-impacto-por-cierre-de-rusffin\/\">Leer m\u00e1s<\/a><\/p>\n","protected":false},"author":2,"featured_media":58005,"comment_status":"closed","ping_status":"closed","sticky":false,"template":"","format":"standard","meta":{"footnotes":""},"categories":[1],"tags":[],"class_list":["post-58004","post","type-post","status-publish","format-standard","has-post-thumbnail","hentry","category-cronica"],"_links":{"self":[{"href":"https:\/\/www.radiopresidenteibanez.cl\/web\/wp-json\/wp\/v2\/posts\/58004","targetHints":{"allow":["GET"]}}],"collection":[{"href":"https:\/\/www.radiopresidenteibanez.cl\/web\/wp-json\/wp\/v2\/posts"}],"about":[{"href":"https:\/\/www.radiopresidenteibanez.cl\/web\/wp-json\/wp\/v2\/types\/post"}],"author":[{"embeddable":true,"href":"https:\/\/www.radiopresidenteibanez.cl\/web\/wp-json\/wp\/v2\/users\/2"}],"replies":[{"embeddable":true,"href":"https:\/\/www.radiopresidenteibanez.cl\/web\/wp-json\/wp\/v2\/comments?post=58004"}],"version-history":[{"count":0,"href":"https:\/\/www.radiopresidenteibanez.cl\/web\/wp-json\/wp\/v2\/posts\/58004\/revisions"}],"wp:featuredmedia":[{"embeddable":true,"href":"https:\/\/www.radiopresidenteibanez.cl\/web\/wp-json\/wp\/v2\/media\/58005"}],"wp:attachment":[{"href":"https:\/\/www.radiopresidenteibanez.cl\/web\/wp-json\/wp\/v2\/media?parent=58004"}],"wp:term":[{"taxonomy":"category","embeddable":true,"href":"https:\/\/www.radiopresidenteibanez.cl\/web\/wp-json\/wp\/v2\/categories?post=58004"},{"taxonomy":"post_tag","embeddable":true,"href":"https:\/\/www.radiopresidenteibanez.cl\/web\/wp-json\/wp\/v2\/tags?post=58004"}],"curies":[{"name":"wp","href":"https:\/\/api.w.org\/{rel}","templated":true}]}}