{"id":58001,"date":"2025-08-01T08:59:00","date_gmt":"2025-08-01T11:59:00","guid":{"rendered":"https:\/\/www.radiopresidenteibanez.cl\/web\/?p=58001"},"modified":"2025-08-01T08:27:30","modified_gmt":"2025-08-01T11:27:30","slug":"boletin-informativo-orbe-51","status":"publish","type":"post","link":"https:\/\/www.radiopresidenteibanez.cl\/web\/boletin-informativo-orbe-51\/","title":{"rendered":"BOLETIN INFORMATIVO ORBE"},"content":{"rendered":"\n<p>CONCEPCION .- El intenso sistema frontal est\u00e1 golpeando con<br>fuerza la zona precordillerana de la Regi\u00f3n del Biob\u00edo,<br>provocando graves afectaciones debido a la acumulaci\u00f3n de 100<br>mil\u00edmetros de lluvia. La comuna de Mulch\u00e9n ser\u00eda la m\u00e1s<br>afectada, con cerca de 40 viviendas en el sector Aurora de<br>Enero reportando el ingreso de agua.<\/p>\n\n\n\n<p>CONCEPCION.- A ra\u00edz del desborde del r\u00edo Andali\u00e9n, en la<br>comuna de Concepci\u00f3n, fueron evacuados los sectores de Santa<br>Rita y el ex Peaje Chaim\u00e1vida. La medida fue reforzada con el<br>env\u00edo de mensajes del Sistema de Alerta de Emergencia, SAE.<br>En este contexto, la autoridad inform\u00f3 que se mantiene la<br>alerta roja para la comuna de Concepci\u00f3n debido al desborde<br>de r\u00edo, hasta que las condiciones as\u00ed lo ameriten.<\/p>\n\n\n\n<p>CONCEPCION.- Los esteros Quilque y Paillihue fueron puestos<br>en alerta t\u00e9cnica roja y, en algunos sectores, sus desbordes<br>han complicado el tr\u00e1nsito peatonal y vehicular. En tanto, en<br>la Regi\u00f3n de \u00d1uble, en R\u00e1nquil, se desbord\u00f3 un estero en el<br>sector Puente Amarillo. En La Araucan\u00eda, una ca\u00edda de \u00e1rbol<br>interrumpi\u00f3 la ruta S-51 en Cunco, y en Los R\u00edos, 12 personas<br>est\u00e1n aisladas en Corral debido a un movimiento de masa. En<br>Los Lagos, se desbor\u00f3 el r\u00edo Llico en la comuna de Fresia.<\/p>\n\n\n\n<p>IQUIQUE.- El Servicio Nacional de Prevenci\u00f3n y Respuesta ante<br>Desastres, Senapred, inform\u00f3 que se registr\u00f3 una tormenta de<br>arena en la comuna de Iquique, zona que, al igual que otras<br>regiones del pa\u00eds, se encuentra bajo alerta temprana<br>preventiva debido a diversos fen\u00f3menos meteorol\u00f3gicos. La<br>alerta rige desde la Regi\u00f3n de Antofagasta hasta la Regi\u00f3n de<br>Los R\u00edos.<\/p>\n\n\n\n<p>IQUIQUE.- Adem\u00e1s, Senapred declar\u00f3 alerta temprana preventiva<br>espec\u00edficamente para las comunas de Iquique y Huara por<br>pron\u00f3stico de viento. Seg\u00fan detall\u00f3 el organismo, se esperan<br>vientos de intensidad moderada a fuerte en el litoral, con<br>velocidades que oscilar\u00e1n entre los 25 y 40 kil\u00f3metros por<br>hora, y rachas que podr\u00edan alcanzar los 50 kol\u00f3metros por<br>hora.<\/p>\n\n\n\n<p>SANTIAGO.- La abanderada presidencial del pacto oficialista<br>Unidad por Chile, Jeannette Jara, anunci\u00f3 los primeros<br>nombres de su comando, de cara a la elecci\u00f3n de noviembre.<br>Con un escenario dispuesto fuera de la sede de Londres 76, la<br>candidata dio cuenta de los primeros cuadros de su equipo,<br>esto luego de semanas de espera que abrieron cr\u00edticas del<br>propio oficialismo.<\/p>\n\n\n\n<p>SANTIAGO.- Como jefe de gabinete, Jara tendr\u00e1 a Jorge<br>Millaqu\u00e9n, quien asumi\u00f3 dicho rol con la militante del<br>Partido Comunista como ministra de Trabajo. Dar\u00edo Quiroga,<br>ser\u00e1 el coordinador del comit\u00e9 estrat\u00e9gico, el que estar\u00e1<br>compuesto por Ricardo Solari, Jos\u00e9 Toro, Jaime Mulet y<br>B\u00e1rbara Figueroa. Camila Miranda asume como coordinara de<br>contenidos de la campa\u00f1a, Nicole Cardoch, coordinadora<br>territorial; Daniel N\u00fa\u00f1ez, coordinador de an\u00e1lisis electoral<br>y Javiera Milla, coordinadora de producci\u00f3n y avanzada.<\/p>\n\n\n\n<p>SANTIAGO.- En el equipo econ\u00f3mico, Jara design\u00f3 a Andrea<br>Betancour, Luis Eduardo Escobar, Nicolas Bohme, Osvaldo<br>Rosales y Sebasti\u00e1n Garc\u00eda. Consultada por el rol que tendr\u00e1<br>el exminsitro Marcos Barraza, quien se esperaba que asumiera<br>como jefe de gabinete, la abanderada indic\u00f3 que se<br>desempe\u00f1ar\u00e1 como su asesor personal.<\/p>\n","protected":false},"excerpt":{"rendered":"<p>CONCEPCION .- El intenso sistema frontal est\u00e1 golpeando confuerza la zona precordillerana de la Regi\u00f3n del Biob\u00edo,provocando graves afectaciones debido a la acumulaci\u00f3n de 100mil\u00edmetros de lluvia. La comuna de&#8230; <a class=\"read-more\" href=\"https:\/\/www.radiopresidenteibanez.cl\/web\/boletin-informativo-orbe-51\/\">Leer m\u00e1s<\/a><\/p>\n","protected":false},"author":2,"featured_media":58002,"comment_status":"closed","ping_status":"closed","sticky":false,"template":"","format":"standard","meta":{"footnotes":""},"categories":[1],"tags":[],"class_list":["post-58001","post","type-post","status-publish","format-standard","has-post-thumbnail","hentry","category-cronica"],"_links":{"self":[{"href":"https:\/\/www.radiopresidenteibanez.cl\/web\/wp-json\/wp\/v2\/posts\/58001","targetHints":{"allow":["GET"]}}],"collection":[{"href":"https:\/\/www.radiopresidenteibanez.cl\/web\/wp-json\/wp\/v2\/posts"}],"about":[{"href":"https:\/\/www.radiopresidenteibanez.cl\/web\/wp-json\/wp\/v2\/types\/post"}],"author":[{"embeddable":true,"href":"https:\/\/www.radiopresidenteibanez.cl\/web\/wp-json\/wp\/v2\/users\/2"}],"replies":[{"embeddable":true,"href":"https:\/\/www.radiopresidenteibanez.cl\/web\/wp-json\/wp\/v2\/comments?post=58001"}],"version-history":[{"count":0,"href":"https:\/\/www.radiopresidenteibanez.cl\/web\/wp-json\/wp\/v2\/posts\/58001\/revisions"}],"wp:featuredmedia":[{"embeddable":true,"href":"https:\/\/www.radiopresidenteibanez.cl\/web\/wp-json\/wp\/v2\/media\/58002"}],"wp:attachment":[{"href":"https:\/\/www.radiopresidenteibanez.cl\/web\/wp-json\/wp\/v2\/media?parent=58001"}],"wp:term":[{"taxonomy":"category","embeddable":true,"href":"https:\/\/www.radiopresidenteibanez.cl\/web\/wp-json\/wp\/v2\/categories?post=58001"},{"taxonomy":"post_tag","embeddable":true,"href":"https:\/\/www.radiopresidenteibanez.cl\/web\/wp-json\/wp\/v2\/tags?post=58001"}],"curies":[{"name":"wp","href":"https:\/\/api.w.org\/{rel}","templated":true}]}}