{"id":57827,"date":"2025-07-24T11:41:00","date_gmt":"2025-07-24T14:41:00","guid":{"rendered":"https:\/\/www.radiopresidenteibanez.cl\/web\/?p=57827"},"modified":"2025-07-24T10:45:23","modified_gmt":"2025-07-24T13:45:23","slug":"minvu-informa-resultados-de-la-postulacion-al-subsidio-de-arriendo-para-personas-mayores-y-personas-con-discapacidad","status":"publish","type":"post","link":"https:\/\/www.radiopresidenteibanez.cl\/web\/minvu-informa-resultados-de-la-postulacion-al-subsidio-de-arriendo-para-personas-mayores-y-personas-con-discapacidad\/","title":{"rendered":"Minvu informa resultados de la postulaci\u00f3n al Subsidio de Arriendo para Personas Mayores y Personas con Discapacidad"},"content":{"rendered":"\n<p>El Ministerio de Vivienda y Urbanismo (Minvu) public\u00f3 esta ma\u00f1ana la n\u00f3mina de selecci\u00f3n del Llamado 2025 del Subsidio de Arriendo para Personas Mayores y Personas con Discapacidad.<\/p>\n\n\n\n<p>Este programa, que forma parte del Plan de Emergencia Habitacional del gobierno del Presidente Gabriel Boric, otorga una cobertura estatal de entre el 90% y 95% del valor mensual del arriendo, dependiendo del tramo socioecon\u00f3mico del Registro Social de Hogares (RSH). En la regi\u00f3n de Magallanes, se asignaron 95 cupos para personas mayores y 11 para personas con discapacidad, consolidando un total de 106 subsidios adjudicados.<\/p>\n\n\n\n<p>\u201cComo gobierno hemos avanzado en el derecho a acceder a una soluci\u00f3n habitacional digna, con una mirada inclusiva y equitativa, priorizando a quienes m\u00e1s lo necesitan y ofreciendo alternativas diversas que reconozcan las distintas realidades de la poblaci\u00f3n: como son los conjuntos de viviendas tuteladas y este subsidio que significa una ayuda real y concreta para las personas mayores y personas con discapacidad\u201d, dijo el seremi del Minvu,&nbsp;<strong>Marco Uribe Saldivia<\/strong>.<\/p>\n\n\n\n<p>La autoridad, adem\u00e1s, explic\u00f3 que \u201csi el arriendo es de 450 mil pesos, gracias a este subsidio, la persona beneficiada s\u00f3lo deber\u00e1 pagar 23 mil pesos; liberando recursos para otras necesidades b\u00e1sicas y mejorando su calidad de vida\u201d.<\/p>\n\n\n\n<p>Este programa est\u00e1 dirigido a personas mayores de 60 a\u00f1os y a personas con discapacidad mayores de 18 a\u00f1os, que pertenezcan hasta el 70% m\u00e1s vulnerable en el Registro Social de Hogares. No se exige ahorro previo y se considera puntaje adicional cuando en el n\u00facleo familiar existen personas cuidadoras.<\/p>\n\n\n\n<p>\u201cEn el caso de personas con una discapacidad acreditada, deber\u00e1n cumplir con el mismo tramo del RSH e ingreso m\u00ednimo de 5 UF, equivalente a la Pensi\u00f3n Garantizada Universal (PGU). En ambos casos no se debe contar con ahorro m\u00ednimo y se otorgar\u00e1 un puntaje adicional por tener la calidad de persona cuidadora\u201d,&nbsp;coment\u00f3 el director (s) del SERVIU Magallanes,&nbsp;<strong>Omar Gonz\u00e1lez Asenjo<\/strong>.<\/p>\n\n\n\n<p>A la hora de aplicar el beneficio, uno de los requisitos m\u00e1s importantes a cumplir es que la vivienda est\u00e9 regularizada. \u201cEse tr\u00e1mite se realiza en la Direcci\u00f3n de Obras Municipales (DOM) y es necesario para poder aplicar el subsidio\u201d, indic\u00f3 el director (s) del SERVIU.<\/p>\n\n\n\n<p>Con esta selecci\u00f3n se cierra el proceso de postulaciones correspondiente al Primer Llamado Especial 2025, ratificando el compromiso del Minvu con la poblaci\u00f3n mayor y personas con discapacidad, sectores prioritarios para el Gobierno de Chile en la construcci\u00f3n de un pa\u00eds m\u00e1s justo y equitativo.<\/p>\n\n\n\n<p>La n\u00f3mina completa de personas seleccionadas est\u00e1 disponible en el sitio web&nbsp;<strong><a href=\"http:\/\/www.minvu.cl\/\" target=\"_blank\" rel=\"noreferrer noopener\">www.minvu.cl<\/a><\/strong>&nbsp;y en las oficinas regionales del SERVIU: Croacia N\u00b0 722, en Punta Arenas, y Juan Ladrilleros N\u00b0 516, en Natales.<\/p>\n","protected":false},"excerpt":{"rendered":"<p>El Ministerio de Vivienda y Urbanismo (Minvu) public\u00f3 esta ma\u00f1ana la n\u00f3mina de selecci\u00f3n del Llamado 2025 del Subsidio de Arriendo para Personas Mayores y Personas con Discapacidad. Este programa,&#8230; <a class=\"read-more\" href=\"https:\/\/www.radiopresidenteibanez.cl\/web\/minvu-informa-resultados-de-la-postulacion-al-subsidio-de-arriendo-para-personas-mayores-y-personas-con-discapacidad\/\">Leer m\u00e1s<\/a><\/p>\n","protected":false},"author":2,"featured_media":57828,"comment_status":"closed","ping_status":"closed","sticky":false,"template":"","format":"standard","meta":{"footnotes":""},"categories":[1],"tags":[],"class_list":["post-57827","post","type-post","status-publish","format-standard","has-post-thumbnail","hentry","category-cronica"],"_links":{"self":[{"href":"https:\/\/www.radiopresidenteibanez.cl\/web\/wp-json\/wp\/v2\/posts\/57827","targetHints":{"allow":["GET"]}}],"collection":[{"href":"https:\/\/www.radiopresidenteibanez.cl\/web\/wp-json\/wp\/v2\/posts"}],"about":[{"href":"https:\/\/www.radiopresidenteibanez.cl\/web\/wp-json\/wp\/v2\/types\/post"}],"author":[{"embeddable":true,"href":"https:\/\/www.radiopresidenteibanez.cl\/web\/wp-json\/wp\/v2\/users\/2"}],"replies":[{"embeddable":true,"href":"https:\/\/www.radiopresidenteibanez.cl\/web\/wp-json\/wp\/v2\/comments?post=57827"}],"version-history":[{"count":0,"href":"https:\/\/www.radiopresidenteibanez.cl\/web\/wp-json\/wp\/v2\/posts\/57827\/revisions"}],"wp:featuredmedia":[{"embeddable":true,"href":"https:\/\/www.radiopresidenteibanez.cl\/web\/wp-json\/wp\/v2\/media\/57828"}],"wp:attachment":[{"href":"https:\/\/www.radiopresidenteibanez.cl\/web\/wp-json\/wp\/v2\/media?parent=57827"}],"wp:term":[{"taxonomy":"category","embeddable":true,"href":"https:\/\/www.radiopresidenteibanez.cl\/web\/wp-json\/wp\/v2\/categories?post=57827"},{"taxonomy":"post_tag","embeddable":true,"href":"https:\/\/www.radiopresidenteibanez.cl\/web\/wp-json\/wp\/v2\/tags?post=57827"}],"curies":[{"name":"wp","href":"https:\/\/api.w.org\/{rel}","templated":true}]}}