{"id":578,"date":"2019-01-18T18:07:12","date_gmt":"2019-01-18T18:07:12","guid":{"rendered":"http:\/\/www.radiopresidenteibanez.cl\/web\/?p=578"},"modified":"2019-01-18T18:07:25","modified_gmt":"2019-01-18T18:07:25","slug":"con-corderos-al-palo-se-da-inicio-a-las-actividades-de-verano-2019-en-la-provincia-de-ultima-esperanza","status":"publish","type":"post","link":"https:\/\/www.radiopresidenteibanez.cl\/web\/con-corderos-al-palo-se-da-inicio-a-las-actividades-de-verano-2019-en-la-provincia-de-ultima-esperanza\/","title":{"rendered":"CON CORDEROS AL PALO SE DA INICIO A LAS ACTIVIDADES DE VERANO 2019 EN LA PROVINCIA DE \u00daLTIMA ESPERANZA"},"content":{"rendered":"\n<p>En el frontis del Pueblo\nArtesanal \u201cEtherh Aike\u201d, el Alcalde de Puerto Natales, Fernando Paredes\nMansilla, dio a conocer esta ma\u00f1ana la oferta program\u00e1tica&nbsp; de las actividades de verano del a\u00f1o 2019.<\/p>\n\n\n\n<p>Como es usual todos los a\u00f1os en\nla regi\u00f3n, se realizan eventos que marcan el verano natalino. Este d\u00eda se\npresent\u00f3 el calendario de actividades en donde matizan los eventos culturales,\ngastron\u00f3micos, deportivos, musicales y artesanales, los cuales resaltan las\ntradiciones patag\u00f3nicas. <\/p>\n\n\n\n<p>Los programas se llevar\u00e1n a cabo\ndurante enero y febrero, en diversas estancias, escuelas, gimnasios, parques y\ngalpones. Entre los eventos m\u00e1s destacados en la provincia se recalca la visita\nde Inti-Illimani, la Fiesta a la Chilena de Cerro Castillo, la Fiesta de la\nCerveza, el Festival del Verano en el Parque Eusebio Lillo, el cual contar\u00e1 con\nla presencia de Am\u00e9rico y otros artistas de talla nacional, el Festival Internacional\nde Jineteadas de \u00daltima Esperanza, la vig\u00e9sima novena versi\u00f3n de la Fiesta\nCostumbrista Chilota y la t\u00edpica Fiesta del Cordero para cerrar la temporada de\nverano.<\/p>\n\n\n\n<p>El Alcalde de la comuna, Fernando\nParedes Mansilla, destac\u00f3 que esta iniciativa va a generar mucho movimiento en\nla Provincia de \u00daltima Esperanza, se\u00f1alando que \u201ca contar de ahora durante\ntodos los fines de semana y pr\u00e1cticamente durante todas las semanas, hasta\nfinalizar el mes de febrero, en el verano van a haber actividades recreacionales,\nart\u00edsticas y culturales\u201d a las que el Alcalde invit\u00f3. Se\u00f1al\u00f3 tambi\u00e9n que \u201cgran\nparte de las actividades las est\u00e1 realizando la Corporaci\u00f3n Municipal de\nCultura que son de car\u00e1cter gratuito, eventos masivos como la actuaci\u00f3n de\nAm\u00e9rico, pero lo importante de se\u00f1alar es que aqu\u00ed estamos preparando\nactividades para todos los grupos etarios, para nuestros ni\u00f1os, j\u00f3venes,\nadultos, adultos mayores y para la comunidad\u201d. <\/p>\n\n\n\n<p>Por su parte, el edil de Torres\ndel Payne, Roberto C\u00e1rdenas Silva, destac\u00f3 que el fin de este lanzamiento es\n\u201cdarlas a conocer a la comunidad, pero tambi\u00e9n para que el sector tur\u00edstico\nsepa de nuestras actividades y pueda coordinarse para llevar a los turistas\nprecisamente a conocer nuestras costumbres, cu\u00e1les son nuestras tradiciones y&nbsp; es en ese sentido que nosotros ya estamos\npreparando la Fiesta a la Chilena\u201d. En esa misma l\u00ednea, la autoridad comunal,\nmencion\u00f3 que contar\u00e1n con la presencia de destacados grupos de Ch\u00e1mame, baile\nt\u00edpico de la Patagonia.<\/p>\n\n\n\n<p>Finalmente, la Gobernadora de la\nProvincia de \u00daltima Esperanza, Ana Mayorga Bahamonde, subray\u00f3 que este es un\ntrabajo en equipo entre las municipalidades y la gobernaci\u00f3n. Asimismo, agreg\u00f3\nque como gobernaci\u00f3n est\u00e1n \u201ccoordinando todos los servicios p\u00fablicos y la\nseguridad p\u00fablica para poner a disposici\u00f3n de estas grandes actividades que se\nvan a tener en los meses de enero y febrero. Actividades de todo tipo,\ndeportivas, culturales, gastron\u00f3micas que van a permitir dar un punto de\nencuentro para todas las familias de la Provincia de \u00daltima Esperanza, pero\ntambi\u00e9n marcando un hito para aquellas personas que quieran conocer&nbsp; nuestra provincia\u201d.<\/p>\n\n\n\n<p>Con la invitaci\u00f3n a la provincia de\ntodas las autoridades, los corderos y la cazuela chilota para la comunidad de\nPuerto Natales, culmin\u00f3 el lanzamiento de las actividades de verano 2019, la\ncual espera recibir a miles de turistas de car\u00e1cter regional, nacional e\ninternacional.&nbsp; &nbsp;<\/p>\n","protected":false},"excerpt":{"rendered":"<p>En el frontis del Pueblo Artesanal \u201cEtherh Aike\u201d, el Alcalde de Puerto Natales, Fernando Paredes Mansilla, dio a conocer esta ma\u00f1ana la oferta program\u00e1tica&nbsp; de las actividades de verano del&#8230; <a class=\"read-more\" href=\"https:\/\/www.radiopresidenteibanez.cl\/web\/con-corderos-al-palo-se-da-inicio-a-las-actividades-de-verano-2019-en-la-provincia-de-ultima-esperanza\/\">Leer m\u00e1s<\/a><\/p>\n","protected":false},"author":2,"featured_media":579,"comment_status":"closed","ping_status":"closed","sticky":false,"template":"","format":"standard","meta":{"footnotes":""},"categories":[1],"tags":[],"class_list":["post-578","post","type-post","status-publish","format-standard","has-post-thumbnail","hentry","category-cronica"],"_links":{"self":[{"href":"https:\/\/www.radiopresidenteibanez.cl\/web\/wp-json\/wp\/v2\/posts\/578","targetHints":{"allow":["GET"]}}],"collection":[{"href":"https:\/\/www.radiopresidenteibanez.cl\/web\/wp-json\/wp\/v2\/posts"}],"about":[{"href":"https:\/\/www.radiopresidenteibanez.cl\/web\/wp-json\/wp\/v2\/types\/post"}],"author":[{"embeddable":true,"href":"https:\/\/www.radiopresidenteibanez.cl\/web\/wp-json\/wp\/v2\/users\/2"}],"replies":[{"embeddable":true,"href":"https:\/\/www.radiopresidenteibanez.cl\/web\/wp-json\/wp\/v2\/comments?post=578"}],"version-history":[{"count":0,"href":"https:\/\/www.radiopresidenteibanez.cl\/web\/wp-json\/wp\/v2\/posts\/578\/revisions"}],"wp:featuredmedia":[{"embeddable":true,"href":"https:\/\/www.radiopresidenteibanez.cl\/web\/wp-json\/wp\/v2\/media\/579"}],"wp:attachment":[{"href":"https:\/\/www.radiopresidenteibanez.cl\/web\/wp-json\/wp\/v2\/media?parent=578"}],"wp:term":[{"taxonomy":"category","embeddable":true,"href":"https:\/\/www.radiopresidenteibanez.cl\/web\/wp-json\/wp\/v2\/categories?post=578"},{"taxonomy":"post_tag","embeddable":true,"href":"https:\/\/www.radiopresidenteibanez.cl\/web\/wp-json\/wp\/v2\/tags?post=578"}],"curies":[{"name":"wp","href":"https:\/\/api.w.org\/{rel}","templated":true}]}}