{"id":57654,"date":"2025-07-16T17:13:00","date_gmt":"2025-07-16T20:13:00","guid":{"rendered":"https:\/\/www.radiopresidenteibanez.cl\/web\/?p=57654"},"modified":"2025-07-16T13:16:39","modified_gmt":"2025-07-16T16:16:39","slug":"seremi-de-gobierno-asegura-que-sanciones-por-no-votar-y-exclusion-de-extranjeros-garantiza-legitimidad-de-los-proximos-comicios","status":"publish","type":"post","link":"https:\/\/www.radiopresidenteibanez.cl\/web\/seremi-de-gobierno-asegura-que-sanciones-por-no-votar-y-exclusion-de-extranjeros-garantiza-legitimidad-de-los-proximos-comicios\/","title":{"rendered":"Seremi de Gobierno asegura que sanciones por no votar y exclusi\u00f3n de extranjeros garantiza legitimidad de los pr\u00f3ximos comicios"},"content":{"rendered":"\n<p>La C\u00e1mara de Diputadas y Diputados el martes aprob\u00f3 en general, el proyecto de ley que<br>establece multas para ciudadanos chilenos que no sufraguen en las elecciones<br>presidenciales y parlamentarias, excluyendo expl\u00edcitamente a los extranjeros. La moci\u00f3n,<br>presentada por la diputada Joanna P\u00e9rez, y reactivada tras un acuerdo bipartidista entre<br>oficialismo, oposici\u00f3n y Ejecutivo, obtuvo 85 votos a favor, 33 en contra y 20<br>abstenciones.<br>El texto aprobado incluye indicaciones y ahora regresar\u00e1 a la Comisi\u00f3n de Gobierno para<br>discusi\u00f3n en particular y definir eventuales sanciones o ajustes a la poblaci\u00f3n migrante. El<br>proyecto contempla multas que van desde aproximadamente $33.000 a $210.000 pesos,<br>para los ciudadanos chilenos que no concurran a votar, mientras mantiene la exenci\u00f3n<br>para los extranjeros con residencia. Se consideran justificaciones m\u00e9dicas, embarazo,<br>estar fuera del pa\u00eds o m\u00e1s de 200\u202fkm del lugar de votaci\u00f3n, entre otros motivos v\u00e1lidos.<br>Desde La Moneda, el Gobierno del Presidente Gabriel Boric ha reafirmado su postura de<br>excluir a los electores extranjeros de las elecciones presidenciales y parlamentarias,<br>calificando la situaci\u00f3n actual como \u201can\u00f3mala\u201d, dado que permite a residentes temporales<br>participar en decisiones trascendentales. No hay ning\u00fan pa\u00eds del mundo que tenga una<br>normativa de esta naturaleza y menos a\u00fan con inscripci\u00f3n autom\u00e1tica y con<br>obligatoriedad, argument\u00f3 el Gobierno.<br>\u201cAl jefe de Estado lo tienen que elegir los chilenos\u201d, declar\u00f3 el mi\u00e9rcoles el ministro del<br>Interior, \u00c1lvaro Elizalde. \u201cLlama la atenci\u00f3n que se pretenda que sea decidido por quienes<br>no forman parte de la comunidad pol\u00edtica chilena, porque sin ir m\u00e1s lejos, en el marco<br>vigente, con residencia temporal, ni siquiera definitiva, un extranjero puede estar eligiendo<br>al jefe de Estado\u201d.<br>La ministra secretaria General de gobierno, Camila Vallejo, apunt\u00f3 en esta misma l\u00ednea,<br>y descart\u00f3 un eventual c\u00e1lculo pol\u00edtico. \u201cLo que estamos diciendo como gobierno es que<br>as\u00ed como un chileno no puede elegir Presidente o Presidenta en Per\u00fa, o en Venezuela o<br>en Colombia, o en otros pa\u00edses de Am\u00e9rica Latina, no se sostiene ni se explica que en<br>Chile esto suceda\u201d.<br>En la Regi\u00f3n de Magallanes, el seremi de Gobierno, Andro Mimica, indic\u00f3 que \u201ceste<br>avance constitucional refuerza el principio de que quienes toman decisiones en el pa\u00eds<br>sean ciudadanos plenamente insertos en nuestra realidad nacional. Las sanciones por no<br>votar, as\u00ed como la exclusi\u00f3n de extranjeros, responden al prop\u00f3sito de proteger la<\/p>\n\n\n\n<p>soberan\u00eda y garantizar que la legitimidad de los pr\u00f3ximos comicios nazca desde nuestra<br>comunidad chilena\u201d.<br>El vocero regional agreg\u00f3 que \u201ceste proyecto representa un paso firme hacia una<br>democracia m\u00e1s robusta, donde el derecho a voto no s\u00f3lo se ejerce con libertad, sino<br>tambi\u00e9n con responsabilidad. Como Gobierno, creemos que las decisiones que marcan el<br>rumbo del pa\u00eds deben ser tomadas por quienes comparten un compromiso directo con<br>Chile y su destino. Nos parece contradictorio que algunos sectores que hist\u00f3ricamente se<br>han opuesto a garantizar derechos sociales b\u00e1sicos para la poblaci\u00f3n migrante, hoy se<br>levanten como sus principales defensores del voto. Esa inconsistencia tambi\u00e9n revela<br>d\u00f3nde est\u00e1 realmente el c\u00e1lculo electoral\u201d<br>Actualmente, el proyecto se encuentra en tr\u00e1mite en la Comisi\u00f3n de Gobierno Interior,<br>donde se discutir\u00e1n en detalle las indicaciones presentadas por sectores pol\u00edticos. Desde<br>Magallanes se hace un llamado a un debate responsable, que permita avanzar hacia un<br>sistema electoral m\u00e1s claro, equitativo y acorde con democracias de alto<\/p>\n","protected":false},"excerpt":{"rendered":"<p>La C\u00e1mara de Diputadas y Diputados el martes aprob\u00f3 en general, el proyecto de ley queestablece multas para ciudadanos chilenos que no sufraguen en las eleccionespresidenciales y parlamentarias, excluyendo expl\u00edcitamente&#8230; <a class=\"read-more\" href=\"https:\/\/www.radiopresidenteibanez.cl\/web\/seremi-de-gobierno-asegura-que-sanciones-por-no-votar-y-exclusion-de-extranjeros-garantiza-legitimidad-de-los-proximos-comicios\/\">Leer m\u00e1s<\/a><\/p>\n","protected":false},"author":2,"featured_media":57655,"comment_status":"closed","ping_status":"closed","sticky":false,"template":"","format":"standard","meta":{"footnotes":""},"categories":[1],"tags":[],"class_list":["post-57654","post","type-post","status-publish","format-standard","has-post-thumbnail","hentry","category-cronica"],"_links":{"self":[{"href":"https:\/\/www.radiopresidenteibanez.cl\/web\/wp-json\/wp\/v2\/posts\/57654","targetHints":{"allow":["GET"]}}],"collection":[{"href":"https:\/\/www.radiopresidenteibanez.cl\/web\/wp-json\/wp\/v2\/posts"}],"about":[{"href":"https:\/\/www.radiopresidenteibanez.cl\/web\/wp-json\/wp\/v2\/types\/post"}],"author":[{"embeddable":true,"href":"https:\/\/www.radiopresidenteibanez.cl\/web\/wp-json\/wp\/v2\/users\/2"}],"replies":[{"embeddable":true,"href":"https:\/\/www.radiopresidenteibanez.cl\/web\/wp-json\/wp\/v2\/comments?post=57654"}],"version-history":[{"count":0,"href":"https:\/\/www.radiopresidenteibanez.cl\/web\/wp-json\/wp\/v2\/posts\/57654\/revisions"}],"wp:featuredmedia":[{"embeddable":true,"href":"https:\/\/www.radiopresidenteibanez.cl\/web\/wp-json\/wp\/v2\/media\/57655"}],"wp:attachment":[{"href":"https:\/\/www.radiopresidenteibanez.cl\/web\/wp-json\/wp\/v2\/media?parent=57654"}],"wp:term":[{"taxonomy":"category","embeddable":true,"href":"https:\/\/www.radiopresidenteibanez.cl\/web\/wp-json\/wp\/v2\/categories?post=57654"},{"taxonomy":"post_tag","embeddable":true,"href":"https:\/\/www.radiopresidenteibanez.cl\/web\/wp-json\/wp\/v2\/tags?post=57654"}],"curies":[{"name":"wp","href":"https:\/\/api.w.org\/{rel}","templated":true}]}}