{"id":57651,"date":"2025-07-16T15:11:00","date_gmt":"2025-07-16T18:11:00","guid":{"rendered":"https:\/\/www.radiopresidenteibanez.cl\/web\/?p=57651"},"modified":"2025-07-16T13:13:39","modified_gmt":"2025-07-16T16:13:39","slug":"magallanes-nueva-ley-de-fraccionamiento-pesquero-modifica-distribucion-de-cuotas-para-el-sector-artesanal-en-magallanes","status":"publish","type":"post","link":"https:\/\/www.radiopresidenteibanez.cl\/web\/magallanes-nueva-ley-de-fraccionamiento-pesquero-modifica-distribucion-de-cuotas-para-el-sector-artesanal-en-magallanes\/","title":{"rendered":"Magallanes: Nueva Ley de Fraccionamiento Pesquero modifica distribuci\u00f3n de cuotas para el sector artesanal en Magallanes"},"content":{"rendered":"\n<p>Con la reciente promulgaci\u00f3n de la ley sobre Fraccionamiento Pesquero, se actualiza el marco<br>regulatorio que determina la distribuci\u00f3n de cuotas de captura entre los sectores industrial y<br>artesanal. La nueva normativa incorpora criterios t\u00e9cnicos, de sustentabilidad y equidad territorial<br>en la asignaci\u00f3n de recursos hidrobiol\u00f3gicos.<br>En la regi\u00f3n de Magallanes, esta modificaci\u00f3n contempla un aumento en la participaci\u00f3n del sector artesanal en las siguientes pesquer\u00edas:<br>Merluza austral: pasa de un 60% a un 63% para el sector artesanal.<br>Congrio dorado: aumenta de un 50% a un 63%.<br>Estos nuevos porcentajes comenzar\u00e1n a regir a partir del 1 de enero de 2026. Durante el periodo<br>previo, se trabajar\u00e1 en la implementaci\u00f3n de la ley, definiendo los criterios para la eventual<br>incorporaci\u00f3n de pescadores artesanales que actualmente no cuentan con cuota asignada.<br>El Ministro de Econom\u00eda, Fomento y Turismo, Nicol\u00e1s Grau, se\u00f1al\u00f3 que \u201cesta ley nos permite<br>avanzar hacia una pesca m\u00e1s justa y equitativa. M\u00e1s de 160 millones de d\u00f3lares en cuotas<br>pasar\u00e1n del sector industrial al artesanal, beneficiando directamente a las caletas del pa\u00eds. Se trata<br>de una pol\u00edtica construida con transparencia, sin corrupci\u00f3n, y con respaldo del propio sector<br>artesanal\u201d.<br>Desde la Subsecretar\u00eda de Pesca y Acuicultura, su titular Julio Salas destac\u00f3 que \u201clo que hemos<br>visto es una representaci\u00f3n diversa y articulada del sector artesanal que permiti\u00f3 sacar adelante<br>esta ley. Agradecemos a sus dirigentes por el trabajo desarrollado. Esta norma refleja un esfuerzo<br>colectivo y una voluntad de avanzar hacia una distribuci\u00f3n m\u00e1s equilibrada de los recursos\u201d.<br>Por su parte, la Seremi de Econom\u00eda de Magallanes, Marlene Espa\u00f1a, enfatiz\u00f3 que \u201cesta ley<br>introduce una modificaci\u00f3n en la distribuci\u00f3n de cuotas en la regi\u00f3n, permitiendo proyectar la<br>incorporaci\u00f3n de actores artesanales que hoy no est\u00e1n presentes en el sistema. Como Seremi,<br>estamos atentos a su implementaci\u00f3n y disponibles para acompa\u00f1ar t\u00e9cnicamente este proceso en<br>el territorio\u201d.<br>Desde la Seremi se continuar\u00e1 monitoreando el desarrollo del proceso, con el objetivo de entregar<br>informaci\u00f3n clara y oportuna al sector pesquero regional, en coordinaci\u00f3n con los organismos<br>competentes. La ley busca fortalecer la gobernanza pesquera, avanzar en criterios de equidad y<br>promover un acceso m\u00e1s balanceado a los recursos del mar en todo el pa\u00eds.<\/p>\n","protected":false},"excerpt":{"rendered":"<p>Con la reciente promulgaci\u00f3n de la ley sobre Fraccionamiento Pesquero, se actualiza el marcoregulatorio que determina la distribuci\u00f3n de cuotas de captura entre los sectores industrial yartesanal. La nueva normativa&#8230; <a class=\"read-more\" href=\"https:\/\/www.radiopresidenteibanez.cl\/web\/magallanes-nueva-ley-de-fraccionamiento-pesquero-modifica-distribucion-de-cuotas-para-el-sector-artesanal-en-magallanes\/\">Leer m\u00e1s<\/a><\/p>\n","protected":false},"author":2,"featured_media":57652,"comment_status":"closed","ping_status":"closed","sticky":false,"template":"","format":"standard","meta":{"footnotes":""},"categories":[1],"tags":[],"class_list":["post-57651","post","type-post","status-publish","format-standard","has-post-thumbnail","hentry","category-cronica"],"_links":{"self":[{"href":"https:\/\/www.radiopresidenteibanez.cl\/web\/wp-json\/wp\/v2\/posts\/57651","targetHints":{"allow":["GET"]}}],"collection":[{"href":"https:\/\/www.radiopresidenteibanez.cl\/web\/wp-json\/wp\/v2\/posts"}],"about":[{"href":"https:\/\/www.radiopresidenteibanez.cl\/web\/wp-json\/wp\/v2\/types\/post"}],"author":[{"embeddable":true,"href":"https:\/\/www.radiopresidenteibanez.cl\/web\/wp-json\/wp\/v2\/users\/2"}],"replies":[{"embeddable":true,"href":"https:\/\/www.radiopresidenteibanez.cl\/web\/wp-json\/wp\/v2\/comments?post=57651"}],"version-history":[{"count":0,"href":"https:\/\/www.radiopresidenteibanez.cl\/web\/wp-json\/wp\/v2\/posts\/57651\/revisions"}],"wp:featuredmedia":[{"embeddable":true,"href":"https:\/\/www.radiopresidenteibanez.cl\/web\/wp-json\/wp\/v2\/media\/57652"}],"wp:attachment":[{"href":"https:\/\/www.radiopresidenteibanez.cl\/web\/wp-json\/wp\/v2\/media?parent=57651"}],"wp:term":[{"taxonomy":"category","embeddable":true,"href":"https:\/\/www.radiopresidenteibanez.cl\/web\/wp-json\/wp\/v2\/categories?post=57651"},{"taxonomy":"post_tag","embeddable":true,"href":"https:\/\/www.radiopresidenteibanez.cl\/web\/wp-json\/wp\/v2\/tags?post=57651"}],"curies":[{"name":"wp","href":"https:\/\/api.w.org\/{rel}","templated":true}]}}