{"id":57647,"date":"2025-07-16T13:10:09","date_gmt":"2025-07-16T16:10:09","guid":{"rendered":"https:\/\/www.radiopresidenteibanez.cl\/web\/?p=57647"},"modified":"2025-07-16T13:10:36","modified_gmt":"2025-07-16T16:10:36","slug":"artesanas-y-creadoras-de-magallanes-fueron-capacitadas-en-una-nueva-version-de-antartikanos","status":"publish","type":"post","link":"https:\/\/www.radiopresidenteibanez.cl\/web\/artesanas-y-creadoras-de-magallanes-fueron-capacitadas-en-una-nueva-version-de-antartikanos\/","title":{"rendered":"Artesanas y creadoras de Magallanes fueron capacitadas en una nueva versi\u00f3n de Antartikanos"},"content":{"rendered":"\n<p>Durante cinco jornadas, artesanas y creadoras<br>ligadas al Fondo de Solidaridad e Inversi\u00f3n Social (FOSIS) de la Regi\u00f3n de<br>Magallanes y de la Ant\u00e1rtica Chilena pudieron ser part\u00edcipes de talleres de distintos<br>profesionales del Instituto Ant\u00e1rtico Chileno (INACH) en lo que fue una nueva<br>versi\u00f3n de Antartikanos.<br>El FOSIS Magallanes y el INACH mantienen un convenio de colaboraci\u00f3n en el que<br>se comprometen a realizar un trabajo conjunto y colaborativo mediante distintas<br>actividades e instancias de participaci\u00f3n ciudadana.<br>\u201cEstamos muy contentos con estos talleres y capacitaciones realizados por los y las<br>profesionales del INACH, ya que podemos traspasar el conocimiento ant\u00e1rtico a un<br>p\u00fablico que est\u00e1 en constante relaci\u00f3n con la comunidad, como son las artesanas y<br>creadoras ligadas al FOSIS. De esta forma, podemos dar a conocer al mundo<br>nuestra regi\u00f3n y nuestro pa\u00eds como una naci\u00f3n ant\u00e1rtica a trav\u00e9s de las creaciones<br>de las y los artesanos\u201d, agrega el director del INACH, Gino Casassa.<br>Felipe Jeria, director regional del FOSIS Magallanes, agradeci\u00f3 \u201ca las artesanas de<br>querer participar de esta instancia, pero tambi\u00e9n agradecer al INACH por ponerse a<br>disposici\u00f3n y entregar sus conocimientos a estas emprendedoras. Aqu\u00ed no se trata<br>solo de hacer nuevos productos, sino que se trata de poder transmitir<br>conocimientos.\u201d<br>Para finalizar, Jeria subray\u00f3 que la alianza formada entre ambas instituciones es<br>algo muy virtuoso y que, sin duda, el conocimiento entregado a las artesanas ellas<br>tambi\u00e9n sabr\u00e1n entregarlo a sus pares.<br>Las creadoras fueron capacitadas en temas tales como aves ant\u00e1rticas, acuarios<br>polares, f\u00f3siles de Magallanes, antecedentes generales del Continente Blanco y<br>c\u00f3mo crear productos relacionados con \u00e9l.<br>El INACH es un organismo t\u00e9cnico del Ministerio de Relaciones Exteriores con plena<br>autonom\u00eda en todo lo relacionado con asuntos ant\u00e1rticos de car\u00e1cter cient\u00edfico,<br>tecnol\u00f3gico y de difusi\u00f3n. El INACH cumple con la Pol\u00edtica Ant\u00e1rtica Nacional<br>incentivando el desarrollo de la investigaci\u00f3n de excelencia, participando<br>efectivamente en el Sistema del Tratado Ant\u00e1rtico y foros relacionados,<\/p>\n\n\n\n<p>fortaleciendo a Magallanes como puerta de entrada al Continente Blanco y<br>realizando acciones de divulgaci\u00f3n del conocimiento ant\u00e1rtico en la ciudadan\u00eda. El<br>INACH organiza el Programa Nacional de Ciencia Ant\u00e1rtica<\/p>\n","protected":false},"excerpt":{"rendered":"<p>Durante cinco jornadas, artesanas y creadorasligadas al Fondo de Solidaridad e Inversi\u00f3n Social (FOSIS) de la Regi\u00f3n deMagallanes y de la Ant\u00e1rtica Chilena pudieron ser part\u00edcipes de talleres de distintosprofesionales&#8230; <a class=\"read-more\" href=\"https:\/\/www.radiopresidenteibanez.cl\/web\/artesanas-y-creadoras-de-magallanes-fueron-capacitadas-en-una-nueva-version-de-antartikanos\/\">Leer m\u00e1s<\/a><\/p>\n","protected":false},"author":2,"featured_media":57648,"comment_status":"closed","ping_status":"closed","sticky":false,"template":"","format":"standard","meta":{"footnotes":""},"categories":[1],"tags":[],"class_list":["post-57647","post","type-post","status-publish","format-standard","has-post-thumbnail","hentry","category-cronica"],"_links":{"self":[{"href":"https:\/\/www.radiopresidenteibanez.cl\/web\/wp-json\/wp\/v2\/posts\/57647","targetHints":{"allow":["GET"]}}],"collection":[{"href":"https:\/\/www.radiopresidenteibanez.cl\/web\/wp-json\/wp\/v2\/posts"}],"about":[{"href":"https:\/\/www.radiopresidenteibanez.cl\/web\/wp-json\/wp\/v2\/types\/post"}],"author":[{"embeddable":true,"href":"https:\/\/www.radiopresidenteibanez.cl\/web\/wp-json\/wp\/v2\/users\/2"}],"replies":[{"embeddable":true,"href":"https:\/\/www.radiopresidenteibanez.cl\/web\/wp-json\/wp\/v2\/comments?post=57647"}],"version-history":[{"count":0,"href":"https:\/\/www.radiopresidenteibanez.cl\/web\/wp-json\/wp\/v2\/posts\/57647\/revisions"}],"wp:featuredmedia":[{"embeddable":true,"href":"https:\/\/www.radiopresidenteibanez.cl\/web\/wp-json\/wp\/v2\/media\/57648"}],"wp:attachment":[{"href":"https:\/\/www.radiopresidenteibanez.cl\/web\/wp-json\/wp\/v2\/media?parent=57647"}],"wp:term":[{"taxonomy":"category","embeddable":true,"href":"https:\/\/www.radiopresidenteibanez.cl\/web\/wp-json\/wp\/v2\/categories?post=57647"},{"taxonomy":"post_tag","embeddable":true,"href":"https:\/\/www.radiopresidenteibanez.cl\/web\/wp-json\/wp\/v2\/tags?post=57647"}],"curies":[{"name":"wp","href":"https:\/\/api.w.org\/{rel}","templated":true}]}}