{"id":57638,"date":"2025-07-15T11:43:00","date_gmt":"2025-07-15T14:43:00","guid":{"rendered":"https:\/\/www.radiopresidenteibanez.cl\/web\/?p=57638"},"modified":"2025-07-15T09:47:10","modified_gmt":"2025-07-15T12:47:10","slug":"natales-registra-mas-de-1-350-horas-deatencion-medica-especializada-no-utilizadas-por-inasistencia","status":"publish","type":"post","link":"https:\/\/www.radiopresidenteibanez.cl\/web\/natales-registra-mas-de-1-350-horas-deatencion-medica-especializada-no-utilizadas-por-inasistencia\/","title":{"rendered":"Natales registra m\u00e1s de 1.350 horas deatenci\u00f3n m\u00e9dica especializada no utilizadas por inasistencia"},"content":{"rendered":"\n<p>Durante el primer semestre del 2025 el Hospital Dr. Augusto Essmann Burgos de<br>Natales registr\u00f3 un total de 1.358 inasistencias a consultas de especialidad, que<br>corresponden a 332 citas de especialidades dentales y 1.026 m\u00e9dicas, entre las que<br>destacan destaca cirug\u00eda general con 183, Medicina Interna y ginecolog\u00eda 143 cada una.<br>Inasistencias que representa una oportunidad perdida tanto para el paciente citado como<br>para otra persona que podr\u00eda haber utilizado ese espacio.<br>Tal como explic\u00f3 el jefe(s) del SOME, Felipe Rojas, aunque las listas de espera del<br>hospital est\u00e1n por debajo del promedio nacional, una gesti\u00f3n m\u00e1s eficiente ser\u00eda posible si<br>los pacientes avisaran con anticipaci\u00f3n. \u201cPor ejemplo, en traumatolog\u00eda tenemos esperas<br>de hasta 281 d\u00edas, y aun as\u00ed registramos 127 inasistencias s\u00f3lo en esta especialidad<br>durante el semestre. En dermatolog\u00eda, con esperas de hasta 170 d\u00edas, ya se han<br>contabilizado 57 inasistencias este a\u00f1o\u201d, detall\u00f3 Rojas.<br>Fue el subdirector m\u00e9dico(s) del Hospital de Natales, Dr. Marcos Mu\u00f1oz, quien<br>relev\u00f3 la importancia del trabajo mancomunado con la comunidad para procurar el buen<br>uso del recurso m\u00e9dico. \u201cSi las personas nos avisan con tiempo que no podr\u00e1n asistir,<br>podemos reasignar esos cupos y reducir las listas de espera. Invitamos a nuestros usuarios<br>a informarnos con al menos 24 horas de anticipaci\u00f3n llamando al 61 2 452142 o al 61 2<br>452247, o bien directamente en el SOME del hospital\u201d, agreg\u00f3.<\/p>\n","protected":false},"excerpt":{"rendered":"<p>Durante el primer semestre del 2025 el Hospital Dr. Augusto Essmann Burgos deNatales registr\u00f3 un total de 1.358 inasistencias a consultas de especialidad, quecorresponden a 332 citas de especialidades dentales&#8230; <a class=\"read-more\" href=\"https:\/\/www.radiopresidenteibanez.cl\/web\/natales-registra-mas-de-1-350-horas-deatencion-medica-especializada-no-utilizadas-por-inasistencia\/\">Leer m\u00e1s<\/a><\/p>\n","protected":false},"author":2,"featured_media":57639,"comment_status":"closed","ping_status":"closed","sticky":false,"template":"","format":"standard","meta":{"footnotes":""},"categories":[1],"tags":[],"class_list":["post-57638","post","type-post","status-publish","format-standard","has-post-thumbnail","hentry","category-cronica"],"_links":{"self":[{"href":"https:\/\/www.radiopresidenteibanez.cl\/web\/wp-json\/wp\/v2\/posts\/57638","targetHints":{"allow":["GET"]}}],"collection":[{"href":"https:\/\/www.radiopresidenteibanez.cl\/web\/wp-json\/wp\/v2\/posts"}],"about":[{"href":"https:\/\/www.radiopresidenteibanez.cl\/web\/wp-json\/wp\/v2\/types\/post"}],"author":[{"embeddable":true,"href":"https:\/\/www.radiopresidenteibanez.cl\/web\/wp-json\/wp\/v2\/users\/2"}],"replies":[{"embeddable":true,"href":"https:\/\/www.radiopresidenteibanez.cl\/web\/wp-json\/wp\/v2\/comments?post=57638"}],"version-history":[{"count":0,"href":"https:\/\/www.radiopresidenteibanez.cl\/web\/wp-json\/wp\/v2\/posts\/57638\/revisions"}],"wp:featuredmedia":[{"embeddable":true,"href":"https:\/\/www.radiopresidenteibanez.cl\/web\/wp-json\/wp\/v2\/media\/57639"}],"wp:attachment":[{"href":"https:\/\/www.radiopresidenteibanez.cl\/web\/wp-json\/wp\/v2\/media?parent=57638"}],"wp:term":[{"taxonomy":"category","embeddable":true,"href":"https:\/\/www.radiopresidenteibanez.cl\/web\/wp-json\/wp\/v2\/categories?post=57638"},{"taxonomy":"post_tag","embeddable":true,"href":"https:\/\/www.radiopresidenteibanez.cl\/web\/wp-json\/wp\/v2\/tags?post=57638"}],"curies":[{"name":"wp","href":"https:\/\/api.w.org\/{rel}","templated":true}]}}