{"id":57632,"date":"2025-07-15T09:37:00","date_gmt":"2025-07-15T12:37:00","guid":{"rendered":"https:\/\/www.radiopresidenteibanez.cl\/web\/?p=57632"},"modified":"2025-07-15T08:30:10","modified_gmt":"2025-07-15T11:30:10","slug":"comienza-el-primer-pago-del-bono-a-excotizantes-de-caja-empart-de-magallanes","status":"publish","type":"post","link":"https:\/\/www.radiopresidenteibanez.cl\/web\/comienza-el-primer-pago-del-bono-a-excotizantes-de-caja-empart-de-magallanes\/","title":{"rendered":"Comienza el primer pago del bono a excotizantes de caja Empart de Magallanes"},"content":{"rendered":"\n<p>Con una once con los diez primeros beneficiados con el bono<br>compensatorio a excotizantes de la ExCaja de Empleador Particulares (Empart), que recibieron el<br>pago esta semana, las autoridades regionales de Magallanes celebraron este hito en las<br>dependencias de la Delegaci\u00f3n Presidencial Regional. Asistieron el Seremi de Hacienda de<br>Magallanes y la Ant\u00e1rtica Chilena, \u00c1lvaro Vargas Riquelme, la Seremi de Trabajo de la XII Regi\u00f3n,<br>Jessica Bengoa Mayorga, el Seremi de Gobierno de Magallanes, Andro Mimica Guerrero, el<br>Delegado Presidencial por la zona, Jos\u00e9 Ruiz Pivcevic, y el senador RN, Alejandro Kusanovic.<br>Cabe precisar que 485 personas ser\u00e1n los beneficiados dentro de la primera n\u00f3mina -de<br>tres- con esta medida comprometida por el Presidente de la Rep\u00fablica y el ministro de<br>Hacienda Mario Marcel en diciembre de 2024, y que favorece a todos los extrabajadores<br>que, entre el 11 de febrero de 1958 y el 30 de noviembre de 1977, impusieron por m\u00e1s de<br>seis a\u00f1os en Empart que se ubicaba en la Regi\u00f3n de Magallanes y la Ant\u00e1rtica Chilena<br>De acuerdo a la Ley, el monto del bono Empart depende de los a\u00f1os cotizados. Para<br>quienes impusieron entre seis y 11 a\u00f1os reciben un aporte de $700.000; para quienes<br>hayan cotizado entre 7 y 12 a\u00f1os el beneficio la compensaci\u00f3n es de $1,4 millones; y de<br>$2,8 millones para quienes impusieron por 18 o 19 a\u00f1os. Aquellos que abonaron entre<br>uno y seis a\u00f1os recibir\u00e1n un proporcional de $700.000.<br>De los primeros beneficiados, el 63,3% corresponde a hombres (307) y el 36,7% a<br>mujeres (178).<br>Durante la actividad, realizada este viernes en la tarde, el Seremi de Hacienda de<br>Magallanes, \u00c1lvaro Vargas Riquelme, dijo que\u201d este bono representa mucho m\u00e1s que una<br>ayuda econ\u00f3mica: es un acto de dignidad, justicia y reconocimiento a la historia de<br>esfuerzo de estos jubilados. He tenido la oportunidad de conocerlos, escuchar sus<br>historias y acompa\u00f1arlos personalmente en este proceso, incluso visitando sus hogares<br>para que nadie quedara fuera\u201d.<br>Por su parte, la Seremi del Trabajo y Previsi\u00f3n Social, Jessica Bengoa Mayorga, explic\u00f3<br>que \u201cesta ha sido una tarea de largo aliento, en la que han participado de manera<br>colaborativa el Ministerio del Trabajo, de Hacienda, los equipos de las secretar\u00edas<br>ministeriales regionales, el Instituto de Previsi\u00f3n Social de la regi\u00f3n y, ahora, la Tesorer\u00eda<br>General de la Rep\u00fablica, desde donde se est\u00e1n emitiendo los primeros pagos\u00bb.<\/p>\n\n\n\n<p>Tambi\u00e9n asistieron al evento, el Delegado Presidencial, Jos\u00e9 Ruiz Pivcevic y el diputado<br>por la zona, Alejandro Kusanovic (RN). \u201cEste ha sido un proceso riguroso, donde se ha<br>puesto al centro la dignidad de las personas y la responsabilidad del Estado con quienes<br>por d\u00e9cadas esperaron este acto de reparaci\u00f3n. Valoramos profundamente la labor<br>t\u00e9cnica y humana que ha hecho posible este importante hito\u201d, afirm\u00f3 Pivcevic\u00bb.<br>Las autoridades regionales anunciaron adem\u00e1s que durante los pr\u00f3ximos meses se<br>continuar\u00e1 con el proceso de pago del Bono Empart, mediante la publicaci\u00f3n de pr\u00f3ximas<br>n\u00f3minas de beneficiarios.<br>Las personas interesadas en acceder a este bono compensatorio deben postular<br>presencialmente ante la Seremi de Hacienda, en cualquiera de las delegaciones<br>presidenciales provinciales de la Regi\u00f3n de Magallanes y la Ant\u00e1rtica Chilena o alguna de<br>las oficinas de ChileAtiende, y cumplir con ciertos requisitos, establecidos en la<br>Resoluci\u00f3n 153 N\u00b09, como son estar pensionado por vejez o invalidez en los sistemas de<br>AFP o el Instituto de Previsi\u00f3n Social. Adem\u00e1s, se requiere contar con, a lo menos, un<br>a\u00f1o continuo o discontinuo de imposiciones en la Ex Caja Empart, y adem\u00e1s haberse<br>desempe\u00f1ado en la ex provincia de Magallanes.<br>Durante la tramitaci\u00f3n de esta compensaci\u00f3n que se incluy\u00f3 en el proyecto de ley de<br>reajuste del sector p\u00fablico, el Ejecutivo estim\u00f3 que la medida podr\u00eda beneficiar a 2.375<br>extrabajadores con un costo fiscal aproximado de $1.826 millones.<\/p>\n","protected":false},"excerpt":{"rendered":"<p>Con una once con los diez primeros beneficiados con el bonocompensatorio a excotizantes de la ExCaja de Empleador Particulares (Empart), que recibieron elpago esta semana, las autoridades regionales de Magallanes&#8230; <a class=\"read-more\" href=\"https:\/\/www.radiopresidenteibanez.cl\/web\/comienza-el-primer-pago-del-bono-a-excotizantes-de-caja-empart-de-magallanes\/\">Leer m\u00e1s<\/a><\/p>\n","protected":false},"author":2,"featured_media":57633,"comment_status":"closed","ping_status":"closed","sticky":false,"template":"","format":"standard","meta":{"footnotes":""},"categories":[1],"tags":[],"class_list":["post-57632","post","type-post","status-publish","format-standard","has-post-thumbnail","hentry","category-cronica"],"_links":{"self":[{"href":"https:\/\/www.radiopresidenteibanez.cl\/web\/wp-json\/wp\/v2\/posts\/57632","targetHints":{"allow":["GET"]}}],"collection":[{"href":"https:\/\/www.radiopresidenteibanez.cl\/web\/wp-json\/wp\/v2\/posts"}],"about":[{"href":"https:\/\/www.radiopresidenteibanez.cl\/web\/wp-json\/wp\/v2\/types\/post"}],"author":[{"embeddable":true,"href":"https:\/\/www.radiopresidenteibanez.cl\/web\/wp-json\/wp\/v2\/users\/2"}],"replies":[{"embeddable":true,"href":"https:\/\/www.radiopresidenteibanez.cl\/web\/wp-json\/wp\/v2\/comments?post=57632"}],"version-history":[{"count":0,"href":"https:\/\/www.radiopresidenteibanez.cl\/web\/wp-json\/wp\/v2\/posts\/57632\/revisions"}],"wp:featuredmedia":[{"embeddable":true,"href":"https:\/\/www.radiopresidenteibanez.cl\/web\/wp-json\/wp\/v2\/media\/57633"}],"wp:attachment":[{"href":"https:\/\/www.radiopresidenteibanez.cl\/web\/wp-json\/wp\/v2\/media?parent=57632"}],"wp:term":[{"taxonomy":"category","embeddable":true,"href":"https:\/\/www.radiopresidenteibanez.cl\/web\/wp-json\/wp\/v2\/categories?post=57632"},{"taxonomy":"post_tag","embeddable":true,"href":"https:\/\/www.radiopresidenteibanez.cl\/web\/wp-json\/wp\/v2\/tags?post=57632"}],"curies":[{"name":"wp","href":"https:\/\/api.w.org\/{rel}","templated":true}]}}