{"id":5763,"date":"2019-07-17T14:19:09","date_gmt":"2019-07-17T14:19:09","guid":{"rendered":"http:\/\/www.radiopresidenteibanez.cl\/web\/?p=5763"},"modified":"2019-07-17T14:21:04","modified_gmt":"2019-07-17T14:21:04","slug":"hoy-miercoles-habra-nueva-votacion-de-los-docentes-para-ver-si-siguen-en-paro","status":"publish","type":"post","link":"https:\/\/www.radiopresidenteibanez.cl\/web\/hoy-miercoles-habra-nueva-votacion-de-los-docentes-para-ver-si-siguen-en-paro\/","title":{"rendered":"HOY MI\u00c9RCOLES HABR\u00c1 NUEVA VOTACI\u00d3N DE LOS DOCENTES PARA VER SI SIGUEN EN PARO"},"content":{"rendered":"\n<p>Este mi\u00e9rcoles se realizar\u00e1 la asamblea nacional del Colegio de Profesores, que definir\u00e1 el futuro de la movilizaci\u00f3n docente tras siete semanas de paralizaci\u00f3n.\u00a0<\/p>\n\n\n\n<p>En la instancia discutir\u00e1n las nuevas medidas que adoptar\u00e1n, pensando en las vacaciones de invierno y el posterior retorno a clases de los estudiantes.&nbsp;<\/p>\n\n\n\n<p>Uno de los principales puntos de discordia es el pago de la menci\u00f3n a las educadoras diferenciales y de p\u00e1rvulos. En la \u00faltima propuesta del Ministerio de Educaci\u00f3n no se otorgaba el beneficio, pero se consider\u00f3 un bono trimestral de 45 mil pesos.&nbsp;<\/p>\n\n\n\n<p>Respecto del encuentro de ma\u00f1ana, el presidente del Colegio de Profesores, Mario Aguilar, explic\u00f3 que los principales temas ser\u00e1n el plan de acci\u00f3n y mantener la movilizaci\u00f3n vigente.&nbsp;<\/p>\n\n\n\n<p>La \u00faltima vez que se vot\u00f3, el paro fue revalidado por s\u00f3lo 255 votos de diferencia.&nbsp;<\/p>\n\n\n\n<p>El presidente regional Metropolitano del Colegio de Profesores, Carlos D\u00edaz, asegur\u00f3 que en esta asamblea exigir\u00e1n que se repita la consulta nacional, debido a que acusan irregularidades en las votaciones que definieron la continuidad de la paralizaci\u00f3n.&nbsp;<\/p>\n\n\n\n<p>\u201cLa decisi\u00f3n que tomamos es que se repita la consulta. Es la posici\u00f3n que estamos llevando. Hubo varios colegas que votaron de una forma y no se vio reflejado despu\u00e9s en el voto de esas comunas\u201d, dijo. <\/p>\n\n\n\n<p>Fuente: BioBio Chile<\/p>\n","protected":false},"excerpt":{"rendered":"<p>Este mi\u00e9rcoles se realizar\u00e1 la asamblea nacional del Colegio de Profesores, que definir\u00e1 el futuro de la movilizaci\u00f3n docente tras siete semanas de paralizaci\u00f3n.\u00a0 En la instancia discutir\u00e1n las nuevas&#8230; <a class=\"read-more\" href=\"https:\/\/www.radiopresidenteibanez.cl\/web\/hoy-miercoles-habra-nueva-votacion-de-los-docentes-para-ver-si-siguen-en-paro\/\">Leer m\u00e1s<\/a><\/p>\n","protected":false},"author":2,"featured_media":5764,"comment_status":"closed","ping_status":"closed","sticky":false,"template":"","format":"standard","meta":{"footnotes":""},"categories":[1],"tags":[],"class_list":["post-5763","post","type-post","status-publish","format-standard","has-post-thumbnail","hentry","category-cronica"],"_links":{"self":[{"href":"https:\/\/www.radiopresidenteibanez.cl\/web\/wp-json\/wp\/v2\/posts\/5763","targetHints":{"allow":["GET"]}}],"collection":[{"href":"https:\/\/www.radiopresidenteibanez.cl\/web\/wp-json\/wp\/v2\/posts"}],"about":[{"href":"https:\/\/www.radiopresidenteibanez.cl\/web\/wp-json\/wp\/v2\/types\/post"}],"author":[{"embeddable":true,"href":"https:\/\/www.radiopresidenteibanez.cl\/web\/wp-json\/wp\/v2\/users\/2"}],"replies":[{"embeddable":true,"href":"https:\/\/www.radiopresidenteibanez.cl\/web\/wp-json\/wp\/v2\/comments?post=5763"}],"version-history":[{"count":0,"href":"https:\/\/www.radiopresidenteibanez.cl\/web\/wp-json\/wp\/v2\/posts\/5763\/revisions"}],"wp:featuredmedia":[{"embeddable":true,"href":"https:\/\/www.radiopresidenteibanez.cl\/web\/wp-json\/wp\/v2\/media\/5764"}],"wp:attachment":[{"href":"https:\/\/www.radiopresidenteibanez.cl\/web\/wp-json\/wp\/v2\/media?parent=5763"}],"wp:term":[{"taxonomy":"category","embeddable":true,"href":"https:\/\/www.radiopresidenteibanez.cl\/web\/wp-json\/wp\/v2\/categories?post=5763"},{"taxonomy":"post_tag","embeddable":true,"href":"https:\/\/www.radiopresidenteibanez.cl\/web\/wp-json\/wp\/v2\/tags?post=5763"}],"curies":[{"name":"wp","href":"https:\/\/api.w.org\/{rel}","templated":true}]}}