{"id":57629,"date":"2025-07-15T08:20:00","date_gmt":"2025-07-15T11:20:00","guid":{"rendered":"https:\/\/www.radiopresidenteibanez.cl\/web\/?p=57629"},"modified":"2025-07-15T08:15:49","modified_gmt":"2025-07-15T11:15:49","slug":"ministro-de-transportes-destaca-operacion-logistica-de-aerogeneradores-en-magallanes","status":"publish","type":"post","link":"https:\/\/www.radiopresidenteibanez.cl\/web\/ministro-de-transportes-destaca-operacion-logistica-de-aerogeneradores-en-magallanes\/","title":{"rendered":"Ministro de Transportes destaca operaci\u00f3n log\u00edstica de aerogeneradores en Magallanes"},"content":{"rendered":"\n<p>Durante su reciente visita a la Regi\u00f3n de Magallanes, el Ministro de Transportes y Telecomunicaciones, Juan Carlos Mu\u00f1oz, valor\u00f3 el sistema log\u00edstico que ha permitido el exitoso traslado de aerogeneradores desde el Terminal Jos\u00e9 Santos Mardones hasta la Rampa Tres Puentes, en Punta Arenas, y que posteriormente han sido embarcados v\u00eda ferry hacia Tierra del Fuego, Argentina, para el desarrollo del Parque E\u00f3lico R\u00edo Cullen de Total Energies Argentina.<\/p>\n\n\n\n<p>\u201cEs muy emocionante lo que hemos vivido hoy en que han ido llegado estos equipamientos y hemos probado el sistema log\u00edstico para desembarcar estos grandes aerogeneradores y poder moverlos v\u00eda caminera hasta Tres Puentes. Da gusto ver que el sistema caminero funcion\u00f3 bien, el movimiento no genera gran impacto en la movilidad dentro de la ciudad y por lo tanto lo vemos con expectaci\u00f3n el que cuando empiecen a llegar no dos, sino cientos de estas herramientas, el sistema pueda seguir funcionando de buena manera\u201d, se\u00f1al\u00f3 el ministro.<\/p>\n\n\n\n<p>La acci\u00f3n, coordinada por la Empresa Portuaria Austral y que cont\u00f3 con empresas como Transportes Javier Cort\u00e9s, DHL, Ulog y TABSA, entre otras, ha contemplado el traslado de componentes de gran envergadura, como aspas de 67 metros de largo y 26 toneladas de peso. Este hito log\u00edstico refuerza la capacidad operativa del sector portuario ubicado en la parte norte de Punta Arenas.<\/p>\n","protected":false},"excerpt":{"rendered":"<p>Durante su reciente visita a la Regi\u00f3n de Magallanes, el Ministro de Transportes y Telecomunicaciones, Juan Carlos Mu\u00f1oz, valor\u00f3 el sistema log\u00edstico que ha permitido el exitoso traslado de aerogeneradores&#8230; <a class=\"read-more\" href=\"https:\/\/www.radiopresidenteibanez.cl\/web\/ministro-de-transportes-destaca-operacion-logistica-de-aerogeneradores-en-magallanes\/\">Leer m\u00e1s<\/a><\/p>\n","protected":false},"author":2,"featured_media":57630,"comment_status":"closed","ping_status":"closed","sticky":false,"template":"","format":"standard","meta":{"footnotes":""},"categories":[1],"tags":[],"class_list":["post-57629","post","type-post","status-publish","format-standard","has-post-thumbnail","hentry","category-cronica"],"_links":{"self":[{"href":"https:\/\/www.radiopresidenteibanez.cl\/web\/wp-json\/wp\/v2\/posts\/57629","targetHints":{"allow":["GET"]}}],"collection":[{"href":"https:\/\/www.radiopresidenteibanez.cl\/web\/wp-json\/wp\/v2\/posts"}],"about":[{"href":"https:\/\/www.radiopresidenteibanez.cl\/web\/wp-json\/wp\/v2\/types\/post"}],"author":[{"embeddable":true,"href":"https:\/\/www.radiopresidenteibanez.cl\/web\/wp-json\/wp\/v2\/users\/2"}],"replies":[{"embeddable":true,"href":"https:\/\/www.radiopresidenteibanez.cl\/web\/wp-json\/wp\/v2\/comments?post=57629"}],"version-history":[{"count":0,"href":"https:\/\/www.radiopresidenteibanez.cl\/web\/wp-json\/wp\/v2\/posts\/57629\/revisions"}],"wp:featuredmedia":[{"embeddable":true,"href":"https:\/\/www.radiopresidenteibanez.cl\/web\/wp-json\/wp\/v2\/media\/57630"}],"wp:attachment":[{"href":"https:\/\/www.radiopresidenteibanez.cl\/web\/wp-json\/wp\/v2\/media?parent=57629"}],"wp:term":[{"taxonomy":"category","embeddable":true,"href":"https:\/\/www.radiopresidenteibanez.cl\/web\/wp-json\/wp\/v2\/categories?post=57629"},{"taxonomy":"post_tag","embeddable":true,"href":"https:\/\/www.radiopresidenteibanez.cl\/web\/wp-json\/wp\/v2\/tags?post=57629"}],"curies":[{"name":"wp","href":"https:\/\/api.w.org\/{rel}","templated":true}]}}