{"id":57626,"date":"2025-07-14T19:13:00","date_gmt":"2025-07-14T22:13:00","guid":{"rendered":"https:\/\/www.radiopresidenteibanez.cl\/web\/?p=57626"},"modified":"2025-07-14T15:18:13","modified_gmt":"2025-07-14T18:18:13","slug":"seremi-de-salud-de-magallanes-capacito-a-mas-de-500-estudiantes-en-prevencion-de-marea-roja-durante-el-primer-semestre-de-2025","status":"publish","type":"post","link":"https:\/\/www.radiopresidenteibanez.cl\/web\/seremi-de-salud-de-magallanes-capacito-a-mas-de-500-estudiantes-en-prevencion-de-marea-roja-durante-el-primer-semestre-de-2025\/","title":{"rendered":"SEREMI DE SALUD DE MAGALLANES CAPACIT\u00d3 A M\u00c1S DE 500 ESTUDIANTES EN PREVENCI\u00d3N DE MAREA ROJA DURANTE EL PRIMER SEMESTRE DE 2025"},"content":{"rendered":"\n<p>La Secretar\u00eda Regional Ministerial de Salud de Magallanes realiz\u00f3 un positivo balance de las actividades educativas sobre prevenci\u00f3n de marea roja desarrolladas durante el primer semestre de 2025 en establecimientos educacionales de la regi\u00f3n. En este periodo, m\u00e1s de 500 ni\u00f1os y ni\u00f1as de quinto b\u00e1sico participaron en talleres interactivos, enfocados en promover el conocimiento sobre este fen\u00f3meno y fortalecer las pr\u00e1cticas de autocuidado desde una edad temprana.<\/p>\n\n\n\n<p>Los talleres, impartidos por el equipo del Programa de Marea Roja de la Seremi, abordaron contenidos como los riesgos del consumo de mariscos contaminados con toxinas marinas, la importancia de adquirir productos del mar en lugares autorizados, y la necesidad de exigir el an\u00e1lisis del laboratorio de la Seremi para asegurar su inocuidad. La metodolog\u00eda utilizada incluy\u00f3 talleres educativos, videos, entrega de material did\u00e1ctico como libros para colorear, folletos y juegos de mesa, lo que permiti\u00f3 una alta participaci\u00f3n y motivaci\u00f3n por parte de los estudiantes.<\/p>\n\n\n\n<p>La Seremi de Salud, Francisca Sanfuentes, destac\u00f3 que la marea roja es un fen\u00f3meno presente de forma permanente en la regi\u00f3n, por lo que resulta fundamental entregar herramientas informativas a las nuevas generaciones. \u201cQueremos que nuestros ni\u00f1os y ni\u00f1as no solo aprendan sobre la marea roja, sino que se conviertan en replicadores de estos conocimientos en sus hogares. La educaci\u00f3n preventiva es clave para proteger la salud de toda la comunidad y fomentar decisiones responsables en torno al consumo de productos del mar\u201d, se\u00f1al\u00f3 la autoridad sanitaria.<\/p>\n\n\n\n<p>Por su parte, Daniela P\u00e9rez, profesional del Departamento de Acci\u00f3n Sanitaria y quien se encuentra a cargo de los talleres, explic\u00f3 que \u00abdurante el primer semestre de 2025 hemos realizado 18 talleres educativos en distintos establecimientos de la regi\u00f3n de Magallanes, principalmente en la comuna de Punta Arenas. Estas actividades han permitido capacitar a 521 estudiantes de quinto b\u00e1sico, tanto de colegios p\u00fablicos como privados. En los talleres abordamos contenidos sobre la marea roja y las principales medidas preventivas. Adem\u00e1s de entregar informaci\u00f3n, fomentamos la participaci\u00f3n de los alumnos con preguntas y juegos, lo que genera una muy buena recepci\u00f3n, tanto de los estudiantes como de los docentes\u201d.<\/p>\n\n\n\n<p>Agreg\u00f3 que \u201ctambi\u00e9n presentamos material gr\u00e1fico, un video educativo y mostramos algunas de las especies que se ven afectadas por este fen\u00f3meno. Los ni\u00f1os y ni\u00f1as se sorprenden al conocer especies que no sab\u00edan que exist\u00edan en nuestra regi\u00f3n, lo que demuestra el impacto positivo de esta experiencia en el aula.\u00bb<\/p>\n\n\n\n<p>Desde la Seremi de Salud tambi\u00e9n se destac\u00f3 el compromiso de las comunidades educativas que facilitaron la realizaci\u00f3n de los talleres, los cuales permiten reforzar una cultura sanitaria en la regi\u00f3n desde la infancia.<\/p>\n\n\n\n<p>De cara al segundo semestre, la autoridad sanitaria proyecta ampliar la cobertura de los talleres, incluyendo no solo m\u00e1s establecimientos de Punta Arenas, sino tambi\u00e9n de provincias como \u00daltima Esperanza, Tierra del Fuego y Ant\u00e1rtica Chilena, para continuar fortaleciendo la prevenci\u00f3n en todo el territorio regional.<\/p>\n\n\n\n<p>La iniciativa se enmarca en la estrategia educativa de la Seremi de Salud para enfrentar fen\u00f3menos recurrentes como la marea roja, y forma parte de un trabajo sostenido para proteger la salud de la poblaci\u00f3n y promover entornos escolares informados de los riesgos asociados al consumo de mariscos contaminados con toxinas marinas.<\/p>\n","protected":false},"excerpt":{"rendered":"<p>La Secretar\u00eda Regional Ministerial de Salud de Magallanes realiz\u00f3 un positivo balance de las actividades educativas sobre prevenci\u00f3n de marea roja desarrolladas durante el primer semestre de 2025 en establecimientos&#8230; <a class=\"read-more\" href=\"https:\/\/www.radiopresidenteibanez.cl\/web\/seremi-de-salud-de-magallanes-capacito-a-mas-de-500-estudiantes-en-prevencion-de-marea-roja-durante-el-primer-semestre-de-2025\/\">Leer m\u00e1s<\/a><\/p>\n","protected":false},"author":2,"featured_media":57627,"comment_status":"closed","ping_status":"closed","sticky":false,"template":"","format":"standard","meta":{"footnotes":""},"categories":[1],"tags":[],"class_list":["post-57626","post","type-post","status-publish","format-standard","has-post-thumbnail","hentry","category-cronica"],"_links":{"self":[{"href":"https:\/\/www.radiopresidenteibanez.cl\/web\/wp-json\/wp\/v2\/posts\/57626","targetHints":{"allow":["GET"]}}],"collection":[{"href":"https:\/\/www.radiopresidenteibanez.cl\/web\/wp-json\/wp\/v2\/posts"}],"about":[{"href":"https:\/\/www.radiopresidenteibanez.cl\/web\/wp-json\/wp\/v2\/types\/post"}],"author":[{"embeddable":true,"href":"https:\/\/www.radiopresidenteibanez.cl\/web\/wp-json\/wp\/v2\/users\/2"}],"replies":[{"embeddable":true,"href":"https:\/\/www.radiopresidenteibanez.cl\/web\/wp-json\/wp\/v2\/comments?post=57626"}],"version-history":[{"count":0,"href":"https:\/\/www.radiopresidenteibanez.cl\/web\/wp-json\/wp\/v2\/posts\/57626\/revisions"}],"wp:featuredmedia":[{"embeddable":true,"href":"https:\/\/www.radiopresidenteibanez.cl\/web\/wp-json\/wp\/v2\/media\/57627"}],"wp:attachment":[{"href":"https:\/\/www.radiopresidenteibanez.cl\/web\/wp-json\/wp\/v2\/media?parent=57626"}],"wp:term":[{"taxonomy":"category","embeddable":true,"href":"https:\/\/www.radiopresidenteibanez.cl\/web\/wp-json\/wp\/v2\/categories?post=57626"},{"taxonomy":"post_tag","embeddable":true,"href":"https:\/\/www.radiopresidenteibanez.cl\/web\/wp-json\/wp\/v2\/tags?post=57626"}],"curies":[{"name":"wp","href":"https:\/\/api.w.org\/{rel}","templated":true}]}}