{"id":57623,"date":"2025-07-14T17:53:00","date_gmt":"2025-07-14T20:53:00","guid":{"rendered":"https:\/\/www.radiopresidenteibanez.cl\/web\/?p=57623"},"modified":"2025-07-14T15:11:49","modified_gmt":"2025-07-14T18:11:49","slug":"cierre-con-exito-de-las-colonias-de-invierno-cem-2025","status":"publish","type":"post","link":"https:\/\/www.radiopresidenteibanez.cl\/web\/cierre-con-exito-de-las-colonias-de-invierno-cem-2025\/","title":{"rendered":"Cierre con \u00e9xito de las Colonias de Invierno CEM 2025"},"content":{"rendered":"\n<p>Con sonrisas, juegos y mucho movimiento, hoy lleg\u00f3 a su fin<br>una inolvidable semana llena de energ\u00eda, deporte y compa\u00f1erismo: las Colonias de Invierno CEM<br>2025, organizadas por el Instituto Nacional de Deportes (IND) a trav\u00e9s del programa Crecer en<br>Movimiento en una experiencia que combin\u00f3 deporte, juego, aprendizaje y bienestar.<br>Desde el lunes 7 al viernes 11 de julio, en jornadas vespertinas entre las 14:00 y las 17:00 horas, el<br>Gimnasio Fiscal y el Centro Elige Vivir Sano se transformaron en espacios donde la actividad f\u00edsica<br>fue protagonista. Las estaciones deportivas ofrecieron una variedad de disciplinas como yoga,<br>futsal, balonmano, b\u00e1squetbol, voleibol, atletismo, judo, karate, junto a momentos recreativos con<br>juegos inflables, pinta caritas y din\u00e1micas de motricidad, siempre guiados por profesores del IND.<br>Este tipo de colonias no solo buscan entretener durante el receso escolar, sino que son parte de<br>una estrategia m\u00e1s amplia desde el Estado para garantizar el acceso a la actividad f\u00edsica como un<br>derecho, en espacios seguros y guiados, donde ni\u00f1as y ni\u00f1os puedan desarrollarse integralmente.<br>En palabras del Delegado Presidencial Regional, \u201cEstamos cerrando una nueva versi\u00f3n de las<br>colonias de invierno, que se llevaron a cabo durante esta semana en el Gimnasio Fiscal y el Centro<br>Elige Vivir Sano. Fueron 200 ni\u00f1os y ni\u00f1as, entre 5 y 12 a\u00f1os, quienes participaron activamente en<br>distintas disciplinas como f\u00fatbol, b\u00e1squetbol, atletismo, artes marciales, desarrollo motor, y<br>tambi\u00e9n en espacios recreativos como el \u201cpinta caritas\u201d. Esta es una actividad que demuestra<br>c\u00f3mo la infraestructura p\u00fablica deportiva puede y debe estar al servicio de la infancia. Son<br>instancias que fomentan la colaboraci\u00f3n, el compa\u00f1erismo y la vida activa, elementos<br>fundamentales para el desarrollo integral de los ni\u00f1os y ni\u00f1as de nuestra regi\u00f3n.\u201d.<br>Y es que el impacto de iniciativas como esta va m\u00e1s all\u00e1 del deporte. Tambi\u00e9n tienen un profundo<br>sentido social y de salud p\u00fablica. En regiones como Magallanes, donde las bajas temperaturas<br>muchas veces limitan la posibilidad de actividad al aire libre, estas colonias permiten romper con<br>el sedentarismo y los h\u00e1bitos poco saludables. Como destac\u00f3 el Director Regional (s) del IND,<br>Claudio Parada, \u201cLa colonia de este a\u00f1o fue un verdadero \u00e9xito. Tuvimos cupos completos, lo que<br>demuestra el inter\u00e9s de la comunidad por este tipo de iniciativas. Ya llevamos varios a\u00f1os<br>realizando esta actividad, que hoy se consolida como una tradici\u00f3n durante las vacaciones de<br>invierno.<br>Adem\u00e1s, estas instancias tienen un valor profundo si pensamos que nuestra regi\u00f3n ocupa el<br>quinto lugar a nivel nacional en \u00edndices de obesidad infantil. Por eso, promover el movimiento<br>desde la infancia es clave. Queremos seguir creciendo y so\u00f1amos con extender esta experiencia a<br>dos o incluso tres semanas en el futuro.\u201d<br>La importancia de estas instancias tambi\u00e9n fue subrayada por la Seremi de Desarrollo Social y de<br>Deporte (s), Danilo Mimica, quien valor\u00f3 tanto el trabajo del equipo como el compromiso de las<br>familias: \u201cEstamos muy contentos con los resultados de esta edici\u00f3n de las colonias de invierno.<\/p>\n\n\n\n<p>Nuestro principal objetivo es reforzar la actividad f\u00edsica durante la temporada invernal y demostrar<br>que, incluso en Magallanes, es posible hacer deporte durante todo el a\u00f1o.<br>Estas actividades no solo promueven el bienestar f\u00edsico, sino que tambi\u00e9n contribuyen a la salud<br>mental y emocional de nuestros ni\u00f1os y ni\u00f1as. Queremos agradecer a los apoderados por su<br>confianza y a todo el equipo del IND, que estuvo acompa\u00f1ando, guiando y jugando con cada<br>participante. Tambi\u00e9n es fundamental ofrecer estos espacios seguros para que las familias tengan<br>tranquilidad durante las vacaciones.\u201d.<br>Al finalizar la semana, queda claro que esta no fue solo una colonia de invierno. Fue un espacio<br>para que ni\u00f1os y ni\u00f1as se movieran, hicieran nuevos amigos, exploraran sus habilidades, y se<br>sintieran parte de una comunidad activa y acogedora.<br>Una semana transformadora, donde el deporte y el juego fueron la excusa perfecta para crecer,<br>compartir y construir bienestar.<\/p>\n","protected":false},"excerpt":{"rendered":"<p>Con sonrisas, juegos y mucho movimiento, hoy lleg\u00f3 a su finuna inolvidable semana llena de energ\u00eda, deporte y compa\u00f1erismo: las Colonias de Invierno CEM2025, organizadas por el Instituto Nacional de&#8230; <a class=\"read-more\" href=\"https:\/\/www.radiopresidenteibanez.cl\/web\/cierre-con-exito-de-las-colonias-de-invierno-cem-2025\/\">Leer m\u00e1s<\/a><\/p>\n","protected":false},"author":2,"featured_media":57624,"comment_status":"closed","ping_status":"closed","sticky":false,"template":"","format":"standard","meta":{"footnotes":""},"categories":[1],"tags":[],"class_list":["post-57623","post","type-post","status-publish","format-standard","has-post-thumbnail","hentry","category-cronica"],"_links":{"self":[{"href":"https:\/\/www.radiopresidenteibanez.cl\/web\/wp-json\/wp\/v2\/posts\/57623","targetHints":{"allow":["GET"]}}],"collection":[{"href":"https:\/\/www.radiopresidenteibanez.cl\/web\/wp-json\/wp\/v2\/posts"}],"about":[{"href":"https:\/\/www.radiopresidenteibanez.cl\/web\/wp-json\/wp\/v2\/types\/post"}],"author":[{"embeddable":true,"href":"https:\/\/www.radiopresidenteibanez.cl\/web\/wp-json\/wp\/v2\/users\/2"}],"replies":[{"embeddable":true,"href":"https:\/\/www.radiopresidenteibanez.cl\/web\/wp-json\/wp\/v2\/comments?post=57623"}],"version-history":[{"count":0,"href":"https:\/\/www.radiopresidenteibanez.cl\/web\/wp-json\/wp\/v2\/posts\/57623\/revisions"}],"wp:featuredmedia":[{"embeddable":true,"href":"https:\/\/www.radiopresidenteibanez.cl\/web\/wp-json\/wp\/v2\/media\/57624"}],"wp:attachment":[{"href":"https:\/\/www.radiopresidenteibanez.cl\/web\/wp-json\/wp\/v2\/media?parent=57623"}],"wp:term":[{"taxonomy":"category","embeddable":true,"href":"https:\/\/www.radiopresidenteibanez.cl\/web\/wp-json\/wp\/v2\/categories?post=57623"},{"taxonomy":"post_tag","embeddable":true,"href":"https:\/\/www.radiopresidenteibanez.cl\/web\/wp-json\/wp\/v2\/tags?post=57623"}],"curies":[{"name":"wp","href":"https:\/\/api.w.org\/{rel}","templated":true}]}}