{"id":57620,"date":"2025-07-14T16:39:00","date_gmt":"2025-07-14T19:39:00","guid":{"rendered":"https:\/\/www.radiopresidenteibanez.cl\/web\/?p=57620"},"modified":"2025-07-14T15:08:34","modified_gmt":"2025-07-14T18:08:34","slug":"festival-de-cine-polo-sur-latinoamericano-vuelve-con-inedito-laboratorio-de-guion-para-creadores-de-la-patagonia","status":"publish","type":"post","link":"https:\/\/www.radiopresidenteibanez.cl\/web\/festival-de-cine-polo-sur-latinoamericano-vuelve-con-inedito-laboratorio-de-guion-para-creadores-de-la-patagonia\/","title":{"rendered":"Festival de Cine Polo Sur Latinoamericano vuelve con in\u00e9dito laboratorio de gui\u00f3n para creadores de la Patagonia"},"content":{"rendered":"\n<p>El Festival Internacional de cine Polo Sur Latinoamericano celebra este a\u00f1o su XVII<br>versi\u00f3n, del 25 al 29 de agosto en el Teatro Municipal Jos\u00e9 Bohr de Punta Arenas. Con especial<br>\u00e9nfasis en la profesionalizaci\u00f3n del sector audiovisual del territorio Austral y tambi\u00e9n ser un<br>semillero para creadores j\u00f3venes el encuentro cinematogr\u00e1fico retorna este 2025 \u2013luego de su<br>\u00faltima versi\u00f3n en 2023\u2013, con dos interesantes convocatorias: se trata de F.A.R.O. Lab, para<br>proyectos de gui\u00f3n de realizadores de Magallanes y Patagonia argentina, abierta hasta el 14 de<br>julio y la III Muestra \u201cVoces de Estudiantes\u201d, que busca cortometrajes hechos por ni\u00f1os y j\u00f3venes<br>de entre 10 y 19 a\u00f1os, de la regi\u00f3n, de Chile y el resto de Latinoam\u00e9rica.<br>El Festival de Cine Polo Sur Latinoamericano es organizado por la Agrupaci\u00f3n Cultural Proa y<br>Karukinka Films, adem\u00e1s de contar con el apoyo de marcas locales asociadas y alianzas<br>estrat\u00e9gicas como por ejemplo con la Filmoteca de la Universidad de La Frontera de Temuco. Una<br>delegaci\u00f3n de dicho equipo de trabajo viajar\u00e1 a Magallanes para presentar materiales en la<br>categor\u00eda Archivo y Patrimonio. En cuanto a la programaci\u00f3n 2025, la convocatoria general para<br>realizadores de Chile, Latinoam\u00e9rica y el resto del mundo finaliz\u00f3 el reci\u00e9n pasado 7 de julio, por lo<br>que prontamente se dar\u00e1 a conocer la cartelera, sin embargo ya hay algunos t\u00edtulos nacionales<br>confirmados como \u201cIsla Alien\u201d de Cristobal Valenzuela, \u201cLa Fabulosa M\u00e1quina de cosechar oro\u201d de<br>Alfredo Pourailly y \u201cEnsamble Patagonia\u201d de la realizadora local Valentina C\u00e1rdenas; todas cintas<br>correspondientes a la categor\u00eda Cine Territorio Isla.<br>F.A.R.O. Lab: F\u00e1brica Audiovisual Regional de Obras<br>\u201cFARO Lab es una propuesta de Karukinka Films en el marco del Festival de cine Polo Sur<br>Latinoamericano, organizado por la Agrupaci\u00f3n cultural Proa\u201d, coment\u00f3 Caroline Pavez,<br>productora ejecutiva del festival. La iniciativa \u201cbusca formar, acompa\u00f1ar y potenciar a creadores y<\/p>\n\n\n\n<p>creadoras audiovisuales desde el extremo sur y la Patagonia chilena-argentina. Inspirado en el<br>s\u00edmbolo del faro como gu\u00eda en medio de la oscuridad y el aislamiento tan caracter\u00edstico en esta<br>parte del mundo, que propone iluminar y guiar talentos locales, conectar saberes y dar forma a<br>nuevas obras desde el territorio\u201d, precisaron desde la producci\u00f3n. F.A.R.O Lab contar\u00e1 con la<br>asesor\u00eda de Natalia Ader, dise\u00f1adora, guionista y mag\u00edster, docente de la c\u00e1tedra de Estructuras<br>Narrativas en la Licenciatura en Medios Audiovisuales de la Universidad Nacional de Tierra del<br>Fuego. Esta actividad se desarrollar\u00e1 en modalidad de taller durante 3 jornadas, y para participar<br>es necesario contar con un proyecto de largometraje, cortometraje o serie web, ya sea de ficci\u00f3n o<br>documental. La convocatoria est\u00e1 abierta hasta el 14 de julio, el formulario de postulaci\u00f3n se<br>encuentra disponible en las redes sociales del Festival de cine Polo Sur Latinoamericano.<br>Se seleccionar\u00e1n 6 participantes, incluyendo al menos un postulante proveniente de la Patagonia<br>Fueguina de Argentina. Al finalizar el laboratorio se entregar\u00e1 una certificaci\u00f3n, si se presenta una<br>versi\u00f3n mejorada del gui\u00f3n de acuerdo con la asesor\u00eda recibida. El laboratorio se realizar\u00e1 los d\u00edas<br>26, 27 y 28 de agosto, entre las 09:30 y 13:00 Horas. La entrega de certificados ser\u00e1 durante la<br>ceremonia de clausura del Festival de Cine, el d\u00eda viernes 29 de agosto.<br>III Muestra Voces de Estudiantes &#8211; Categor\u00edas<br>Manantiales: Dirigida a estudiantes entre los 10 y 13 a\u00f1os de edad pertenecientes a la regi\u00f3n de<br>Magallanes y Ant\u00e1rtica Chilena, el resto de Chile y toda Latinoam\u00e9rica.<br>Cabeza de Mar: Dirigida a estudiantes secundarios, y reci\u00e9n egresados, entre 14 y 19 a\u00f1os de<br>edad, pertenecientes a la regi\u00f3n de Magallanes y Ant\u00e1rtica Chilena, el resto de Chile y toda<br>Latinoam\u00e9rica.<br>Para participar deben presentar cortometrajes con una duraci\u00f3n desde 2 hasta 6 minutos,<br>realizados a partir del 2024. El link de postulaci\u00f3n y las bases se pueden encontrar en el link de la<br>Biograf\u00eda de Instagram y Fan Page de Facebook como @festivaldecinepolosurlatinoamericano<\/p>\n","protected":false},"excerpt":{"rendered":"<p>El Festival Internacional de cine Polo Sur Latinoamericano celebra este a\u00f1o su XVIIversi\u00f3n, del 25 al 29 de agosto en el Teatro Municipal Jos\u00e9 Bohr de Punta Arenas. Con especial\u00e9nfasis&#8230; <a class=\"read-more\" href=\"https:\/\/www.radiopresidenteibanez.cl\/web\/festival-de-cine-polo-sur-latinoamericano-vuelve-con-inedito-laboratorio-de-guion-para-creadores-de-la-patagonia\/\">Leer m\u00e1s<\/a><\/p>\n","protected":false},"author":2,"featured_media":57621,"comment_status":"closed","ping_status":"closed","sticky":false,"template":"","format":"standard","meta":{"footnotes":""},"categories":[1],"tags":[],"class_list":["post-57620","post","type-post","status-publish","format-standard","has-post-thumbnail","hentry","category-cronica"],"_links":{"self":[{"href":"https:\/\/www.radiopresidenteibanez.cl\/web\/wp-json\/wp\/v2\/posts\/57620","targetHints":{"allow":["GET"]}}],"collection":[{"href":"https:\/\/www.radiopresidenteibanez.cl\/web\/wp-json\/wp\/v2\/posts"}],"about":[{"href":"https:\/\/www.radiopresidenteibanez.cl\/web\/wp-json\/wp\/v2\/types\/post"}],"author":[{"embeddable":true,"href":"https:\/\/www.radiopresidenteibanez.cl\/web\/wp-json\/wp\/v2\/users\/2"}],"replies":[{"embeddable":true,"href":"https:\/\/www.radiopresidenteibanez.cl\/web\/wp-json\/wp\/v2\/comments?post=57620"}],"version-history":[{"count":0,"href":"https:\/\/www.radiopresidenteibanez.cl\/web\/wp-json\/wp\/v2\/posts\/57620\/revisions"}],"wp:featuredmedia":[{"embeddable":true,"href":"https:\/\/www.radiopresidenteibanez.cl\/web\/wp-json\/wp\/v2\/media\/57621"}],"wp:attachment":[{"href":"https:\/\/www.radiopresidenteibanez.cl\/web\/wp-json\/wp\/v2\/media?parent=57620"}],"wp:term":[{"taxonomy":"category","embeddable":true,"href":"https:\/\/www.radiopresidenteibanez.cl\/web\/wp-json\/wp\/v2\/categories?post=57620"},{"taxonomy":"post_tag","embeddable":true,"href":"https:\/\/www.radiopresidenteibanez.cl\/web\/wp-json\/wp\/v2\/tags?post=57620"}],"curies":[{"name":"wp","href":"https:\/\/api.w.org\/{rel}","templated":true}]}}