{"id":57611,"date":"2025-07-14T11:49:00","date_gmt":"2025-07-14T14:49:00","guid":{"rendered":"https:\/\/www.radiopresidenteibanez.cl\/web\/?p=57611"},"modified":"2025-07-14T09:42:38","modified_gmt":"2025-07-14T12:42:38","slug":"140-millones-de-pesos-destinara-sence-a-organizaciones-que-participen-de-los-fondos-concursables-de-capacitacion","status":"publish","type":"post","link":"https:\/\/www.radiopresidenteibanez.cl\/web\/140-millones-de-pesos-destinara-sence-a-organizaciones-que-participen-de-los-fondos-concursables-de-capacitacion\/","title":{"rendered":"140 millones de pesos destinar\u00e1 Sence a organizaciones que participen de los fondos concursables de capacitaci\u00f3n"},"content":{"rendered":"\n<p>la seremi del Trabajo y Sence Magallanes<br>hicieron el llamado a postular a los fondos concursables del Programa Becas Laborales 2025,<br>orientado a organizaciones sin fines de lucro y que este a\u00f1o contempla un total de 140 millones de<br>pesos para quienes accedan con sus diferentes necesidades de capacitaci\u00f3n.<br>Seg\u00fan explicaron las autoridades, se trata de un fondo que busca entregar financiamiento a las<br>organizaciones que presenten propuestas de capacitaci\u00f3n que ellos necesiten y que no<br>necesariamente est\u00e9n contempladas en los programas habituales de Sence. Es decir, pueden<br>postular con cualquier proyecto de capacitaci\u00f3n que requieran, lo cual destacan como la principal<br>fortaleza de este fondo.<br>En palabras de la seremi del Trabajo, Jessica Bengoa Mayorga, \u201cprimero, decir que para el<br>gobierno de nuestro Presidente Gabriel Boric, la capacitaci\u00f3n es un instrumento de<br>transformaci\u00f3n social. Por tanto, estamos haciendo este llamado a estos fondos, cuya postulaci\u00f3n<br>finaliza el pr\u00f3ximo 25 de julio. Son 140 millones de pesos que van a ir distribuidos con foco<br>especial en trabajadores organizados en sindicatos, grupos vulnerables, cuidadores\/as informales<br>no remunerados, entre otros que est\u00e9n en alguna organizaci\u00f3n\u201d.<br>El cierre de las postulaciones est\u00e1 contemplado para el viernes 25 de julio a las 14:00 horas a<br>trav\u00e9s del sitio web de Sence, www.sence.cl, a trav\u00e9s de un banner especial abierto para postular<br>a estos fondos.<br>Seg\u00fan explic\u00f3 la directora regional de Sence, Doris Sandoval Miranda, \u201ceste fondo permite aportar<br>y contribuir con un instrumento m\u00e1s flexible desde el punto de vista de los contenidos de las<br>capacitaciones que las y los trabajadores organizados puedan requerir. Es decir, los sindicatos u<br>organizaciones que postulen pueden proponer las capacitaciones espec\u00edficas que ellos y ellas<br>requieran, seg\u00fan sus propias necesidades. Por ello, la invitaci\u00f3n es a conocer el fondo concursable<br>2025 y a utilizarlo en beneficio de los trabajadores y de la empleabilidad de la regi\u00f3n\u201d.<br>Esta convocatoria representa una posibilidad de responder a demandas no abordadas por<br>instrumentos regulares del servicio y abordar tambi\u00e9n espacios invisibilizados tales como: el<br>trabajo informal, las labores de cuidados no remunerados, la reconversi\u00f3n laboral, entre otras.<\/p>\n\n\n\n<p>Por su parte, Maribel M\u00e1rquez Hern\u00e1ndez, encargada regional de la Unidad de Capacitaci\u00f3n a<br>Personas de Sence Magallanes, se\u00f1al\u00f3 que \u201clas postulaciones se deben realizar a trav\u00e9s de el<br>enlace sistemas.sence.cl de Becas Laborales y, como se mencion\u00f3, est\u00e1 orientado a asociaciones<br>gremiales, cooperativas, federaciones, comunidades ind\u00edgenas, municipalidades, fundaciones,<br>corporaciones, etc\u201d.<br>La invitaci\u00f3n es a informarse a trav\u00e9s de los canales oficiales de Sence y conocer este beneficio<br>que fomenta la capacitaci\u00f3n como principal motor de empleabilidad entre las organizaciones de<br>personas que m\u00e1s lo necesiten.<\/p>\n","protected":false},"excerpt":{"rendered":"<p>la seremi del Trabajo y Sence Magallaneshicieron el llamado a postular a los fondos concursables del Programa Becas Laborales 2025,orientado a organizaciones sin fines de lucro y que este a\u00f1o&#8230; <a class=\"read-more\" href=\"https:\/\/www.radiopresidenteibanez.cl\/web\/140-millones-de-pesos-destinara-sence-a-organizaciones-que-participen-de-los-fondos-concursables-de-capacitacion\/\">Leer m\u00e1s<\/a><\/p>\n","protected":false},"author":2,"featured_media":57612,"comment_status":"closed","ping_status":"closed","sticky":false,"template":"","format":"standard","meta":{"footnotes":""},"categories":[1],"tags":[],"class_list":["post-57611","post","type-post","status-publish","format-standard","has-post-thumbnail","hentry","category-cronica"],"_links":{"self":[{"href":"https:\/\/www.radiopresidenteibanez.cl\/web\/wp-json\/wp\/v2\/posts\/57611","targetHints":{"allow":["GET"]}}],"collection":[{"href":"https:\/\/www.radiopresidenteibanez.cl\/web\/wp-json\/wp\/v2\/posts"}],"about":[{"href":"https:\/\/www.radiopresidenteibanez.cl\/web\/wp-json\/wp\/v2\/types\/post"}],"author":[{"embeddable":true,"href":"https:\/\/www.radiopresidenteibanez.cl\/web\/wp-json\/wp\/v2\/users\/2"}],"replies":[{"embeddable":true,"href":"https:\/\/www.radiopresidenteibanez.cl\/web\/wp-json\/wp\/v2\/comments?post=57611"}],"version-history":[{"count":0,"href":"https:\/\/www.radiopresidenteibanez.cl\/web\/wp-json\/wp\/v2\/posts\/57611\/revisions"}],"wp:featuredmedia":[{"embeddable":true,"href":"https:\/\/www.radiopresidenteibanez.cl\/web\/wp-json\/wp\/v2\/media\/57612"}],"wp:attachment":[{"href":"https:\/\/www.radiopresidenteibanez.cl\/web\/wp-json\/wp\/v2\/media?parent=57611"}],"wp:term":[{"taxonomy":"category","embeddable":true,"href":"https:\/\/www.radiopresidenteibanez.cl\/web\/wp-json\/wp\/v2\/categories?post=57611"},{"taxonomy":"post_tag","embeddable":true,"href":"https:\/\/www.radiopresidenteibanez.cl\/web\/wp-json\/wp\/v2\/tags?post=57611"}],"curies":[{"name":"wp","href":"https:\/\/api.w.org\/{rel}","templated":true}]}}