{"id":57608,"date":"2025-07-14T10:39:00","date_gmt":"2025-07-14T13:39:00","guid":{"rendered":"https:\/\/www.radiopresidenteibanez.cl\/web\/?p=57608"},"modified":"2025-07-14T08:49:09","modified_gmt":"2025-07-14T11:49:09","slug":"gobierno-anuncia-nombramiento-de-nuevo-seremide-las-culturas-las-artes-y-el-patrimonio-en-la-region-de-magallanes-y-de-la-antartica-chilena","status":"publish","type":"post","link":"https:\/\/www.radiopresidenteibanez.cl\/web\/gobierno-anuncia-nombramiento-de-nuevo-seremide-las-culturas-las-artes-y-el-patrimonio-en-la-region-de-magallanes-y-de-la-antartica-chilena\/","title":{"rendered":"Gobierno anuncia nombramiento de nuevo SEREMIde las Culturas, las Artes y el Patrimonio en la Regi\u00f3n de Magallanes y de la Ant\u00e1rtica Chilena"},"content":{"rendered":"\n<p>La Delegaci\u00f3n Presidencial Regional de<br>Magallanes y de la Ant\u00e1rtica Chilena informa a la comunidad el nombramiento del<br>nuevo Secretario Regional Ministerial de las Culturas, las Artes y el Patrimonio,<br>quien asumir\u00e1 funciones a partir del lunes 14 de julio.<br>Se trata de&nbsp;Luis Navarro Almonacid, profesional con una s\u00f3lida trayectoria en el<br>\u00e1mbito sociocultural y educativo, quien llega al cargo con el compromiso de<br>fortalecer el acceso, la participaci\u00f3n y el desarrollo cultural en toda la regi\u00f3n. Su<br>gesti\u00f3n pondr\u00e1 especial \u00e9nfasis en el trabajo colaborativo con comunidades<br>locales y pueblos originarios.<br>Navarro es psicopedagogo y posee formaci\u00f3n complementaria en arteterapia, la<br>filosof\u00eda educativa Reggio Emilia y aprendizaje basado en proyectos. Ha<br>desarrollado su carrera en proyectos vinculados a las artes visuales, infancia,<br>derechos humanos e inclusi\u00f3n, especialmente con ni\u00f1eces en situaci\u00f3n de<br>discapacidad y familias en contextos de vulnerabilidad en la regi\u00f3n.<br>En su trayectoria, ha trabajado en organismos internacionales como el PNUD,<br>donde se desempe\u00f1\u00f3 como Coordinador Regional de Asociatividad y Ciudadan\u00eda<br>Juvenil, y fue director de la Fundaci\u00f3n Misi\u00f3n SUR. Desde un enfoque<br>interdisciplinario, ha liderado iniciativas en legoterapia, rob\u00f3tica educativa y ha<br>ejercido como docente e investigador universitario en tem\u00e1ticas relacionadas con<br>participaci\u00f3n ciudadana, inclusi\u00f3n y discapacidad.<br>Este nombramiento se enmarca en el compromiso del Gobierno del Presidente<br>Gabriel Boric por fortalecer la presencia del Estado en los territorios, con una<br>gesti\u00f3n descentralizada, inclusiva y con enfoque cultural comunitario.<\/p>\n\n\n\n<p>\u201cEste nombramiento es parte del esfuerzo por seguir avanzando en una gesti\u00f3n<br>territorial conectada con las necesidades reales de las personas. Confiamos en<br>que el nuevo Seremi aportar\u00e1 desde su experiencia y compromiso para impulsar<br>un \u00e1rea clave como la cultura, fundamental para el bienestar y el fortalecimiento<br>de las identidades en Magallanes\u201d, se\u00f1al\u00f3&nbsp;Jos\u00e9 Ruiz Pivcevic, delegado<br>presidencial regional de Magallanes y de la Ant\u00e1rtica Chilena.<br>Como parte de su incorporaci\u00f3n oficial, Navarro participar\u00e1 este lunes en su<br>primera actividad como Seremi: la reuni\u00f3n del Gabinete Regional, instancia en la<br>que se abordan las principales prioridades del Gobierno en el territorio.<\/p>\n","protected":false},"excerpt":{"rendered":"<p>La Delegaci\u00f3n Presidencial Regional deMagallanes y de la Ant\u00e1rtica Chilena informa a la comunidad el nombramiento delnuevo Secretario Regional Ministerial de las Culturas, las Artes y el Patrimonio,quien asumir\u00e1 funciones&#8230; <a class=\"read-more\" href=\"https:\/\/www.radiopresidenteibanez.cl\/web\/gobierno-anuncia-nombramiento-de-nuevo-seremide-las-culturas-las-artes-y-el-patrimonio-en-la-region-de-magallanes-y-de-la-antartica-chilena\/\">Leer m\u00e1s<\/a><\/p>\n","protected":false},"author":2,"featured_media":57609,"comment_status":"closed","ping_status":"closed","sticky":false,"template":"","format":"standard","meta":{"footnotes":""},"categories":[1],"tags":[],"class_list":["post-57608","post","type-post","status-publish","format-standard","has-post-thumbnail","hentry","category-cronica"],"_links":{"self":[{"href":"https:\/\/www.radiopresidenteibanez.cl\/web\/wp-json\/wp\/v2\/posts\/57608","targetHints":{"allow":["GET"]}}],"collection":[{"href":"https:\/\/www.radiopresidenteibanez.cl\/web\/wp-json\/wp\/v2\/posts"}],"about":[{"href":"https:\/\/www.radiopresidenteibanez.cl\/web\/wp-json\/wp\/v2\/types\/post"}],"author":[{"embeddable":true,"href":"https:\/\/www.radiopresidenteibanez.cl\/web\/wp-json\/wp\/v2\/users\/2"}],"replies":[{"embeddable":true,"href":"https:\/\/www.radiopresidenteibanez.cl\/web\/wp-json\/wp\/v2\/comments?post=57608"}],"version-history":[{"count":0,"href":"https:\/\/www.radiopresidenteibanez.cl\/web\/wp-json\/wp\/v2\/posts\/57608\/revisions"}],"wp:featuredmedia":[{"embeddable":true,"href":"https:\/\/www.radiopresidenteibanez.cl\/web\/wp-json\/wp\/v2\/media\/57609"}],"wp:attachment":[{"href":"https:\/\/www.radiopresidenteibanez.cl\/web\/wp-json\/wp\/v2\/media?parent=57608"}],"wp:term":[{"taxonomy":"category","embeddable":true,"href":"https:\/\/www.radiopresidenteibanez.cl\/web\/wp-json\/wp\/v2\/categories?post=57608"},{"taxonomy":"post_tag","embeddable":true,"href":"https:\/\/www.radiopresidenteibanez.cl\/web\/wp-json\/wp\/v2\/tags?post=57608"}],"curies":[{"name":"wp","href":"https:\/\/api.w.org\/{rel}","templated":true}]}}