{"id":57605,"date":"2025-07-14T09:29:00","date_gmt":"2025-07-14T12:29:00","guid":{"rendered":"https:\/\/www.radiopresidenteibanez.cl\/web\/?p=57605"},"modified":"2025-07-14T08:38:42","modified_gmt":"2025-07-14T11:38:42","slug":"puerto-williams-vivio-una-noche-final-historica-del-desafio-escenario-2025","status":"publish","type":"post","link":"https:\/\/www.radiopresidenteibanez.cl\/web\/puerto-williams-vivio-una-noche-final-historica-del-desafio-escenario-2025\/","title":{"rendered":"Puerto Williams vivi\u00f3 una noche final hist\u00f3rica del Desaf\u00edo Escenario 2025"},"content":{"rendered":"\n<p>Con un lleno total en la Sal\u00f3n de Uso M\u00faltiple, la noche del s\u00e1bado se llev\u00f3 a cabo la gran final del Desaf\u00edo Escenario 2025, ese certamen de talentos organizado por la Ilustre Municipalidad de Cabo de Hornos que, en su \u00faltima edici\u00f3n, logr\u00f3 niveles de participaci\u00f3n y asistencia nunca antes vistos y que, con estos atenuantes, se est\u00e1 volviendo un cl\u00e1sico del invierno patag\u00f3nico.<\/p>\n\n\n\n<p>La jornada de cierre comenz\u00f3 a las 20 horas con un p\u00fablico que se agolp\u00f3 en el recinto desde temprano, pese a las bajas temperaturas. Entusiasmo palpable en todas las categor\u00edas, tanto infantiles y de adultos, en canto como en baile, fue todo sin dudas una fiesta. Desde el ingreso, el ambiente era de fiesta: patio de comidas, accesos fluidos y una comunidad entera dispuesta a celebrar a sus artistas.<\/p>\n\n\n\n<p>La ovaci\u00f3n fue una constante, no solo para los ganadores sino para cada uno de los participantes. \u201cFue algo nunca antes visto\u201d, aseguran con cierto asombro, y mucho agrado, tanto asistentes como organizadores. El despliegue esc\u00e9nico, la producci\u00f3n t\u00e9cnica y la respuesta del p\u00fablico dejaron la vara alta para futuras ediciones.<\/p>\n\n\n\n<p>Los ganadores de este a\u00f1o fueron&nbsp;M\u00eda y Amanda Olivares, primera y segundo lugar en&nbsp;categor\u00eda canto,&nbsp;quienes se destacaron por su calidad art\u00edstica, carisma y conexi\u00f3n con el p\u00fablico. La premiaci\u00f3n se realiz\u00f3 al cierre del evento, con emoci\u00f3n en el escenario y aplausos prolongados desde las gradas.<\/p>\n\n\n\n<p>Durante la semana, el alcalde de la comuna, Patricio Fern\u00e1ndez, hab\u00eda destacado el sentido profundo de esta actividad, se\u00f1alando que:<\/p>\n\n\n\n<p>\u201cBueno, muy feliz hoy d\u00eda de esta actividad del desaf\u00edo a escenario. Ya van m\u00e1s de ocho a\u00f1os realizando esta actividad, una actividad familiar en temporada de invierno, donde a veces el fr\u00edo nos deja en la casa, pero te invita a reunirse en familia y a disfrutar de los talentos que son nuestros hijos. Los dejamos invitados durante esta semana y este d\u00eda s\u00e1bado la finalizaci\u00f3n y despu\u00e9s pr\u00f3ximamente la fiesta de la nieve\u201d.<\/p>\n\n\n\n<p>El Desaf\u00edo Escenario 2025 comenz\u00f3 el pasado lunes 8 de julio con su primera noche de competencia. Desde entonces, cada jornada fue sumando p\u00fablico y expectativa. Esa primera jornada sirvi\u00f3 de bienvenida y puesta en marcha, con una convocatoria abierta a votar por los participantes mediante el uso de c\u00e9dula de identidad. Adem\u00e1s, el renovado patio de comidas se convirti\u00f3 desde el inicio en un punto de encuentro familiar.<\/p>\n\n\n\n<p>El martes 9, el segundo d\u00eda tuvo como momento destacado la presentaci\u00f3n del jurado Eric Mu\u00f1oz Esparza, quien comparti\u00f3 escenario y brind\u00f3 una muestra de su talento. El mi\u00e9rcoles 10, el ritmo de la competencia creci\u00f3 con fuerza, y esa tercera noche sum\u00f3 a Rub\u00e9n \u00c1lvarez \u2014tambi\u00e9n jurado de esta edici\u00f3n\u2014 como invitado especial.<\/p>\n\n\n\n<p>La cuarta noche, el viernes 11, tuvo un cierre con tributo a Mon Laferte que levant\u00f3 al p\u00fablico de sus asientos. Esa pen\u00faltima jornada consolid\u00f3 el ambiente de camarader\u00eda entre los participantes y el entusiasmo general de la comunidad.<\/p>\n\n\n\n<p>Finalmente, la noche del s\u00e1bado coron\u00f3 una semana de talento, participaci\u00f3n y encuentro, donde el fr\u00edo no impidi\u00f3 que el calor del arte y la identidad local se impusieran. El Desaf\u00edo Escenario volvi\u00f3 a demostrar que es mucho m\u00e1s que una competencia: es un punto de reuni\u00f3n cultural en pleno invierno austral.<\/p>\n","protected":false},"excerpt":{"rendered":"<p>Con un lleno total en la Sal\u00f3n de Uso M\u00faltiple, la noche del s\u00e1bado se llev\u00f3 a cabo la gran final del Desaf\u00edo Escenario 2025, ese certamen de talentos organizado&#8230; <a class=\"read-more\" href=\"https:\/\/www.radiopresidenteibanez.cl\/web\/puerto-williams-vivio-una-noche-final-historica-del-desafio-escenario-2025\/\">Leer m\u00e1s<\/a><\/p>\n","protected":false},"author":2,"featured_media":57606,"comment_status":"closed","ping_status":"closed","sticky":false,"template":"","format":"standard","meta":{"footnotes":""},"categories":[1],"tags":[],"class_list":["post-57605","post","type-post","status-publish","format-standard","has-post-thumbnail","hentry","category-cronica"],"_links":{"self":[{"href":"https:\/\/www.radiopresidenteibanez.cl\/web\/wp-json\/wp\/v2\/posts\/57605","targetHints":{"allow":["GET"]}}],"collection":[{"href":"https:\/\/www.radiopresidenteibanez.cl\/web\/wp-json\/wp\/v2\/posts"}],"about":[{"href":"https:\/\/www.radiopresidenteibanez.cl\/web\/wp-json\/wp\/v2\/types\/post"}],"author":[{"embeddable":true,"href":"https:\/\/www.radiopresidenteibanez.cl\/web\/wp-json\/wp\/v2\/users\/2"}],"replies":[{"embeddable":true,"href":"https:\/\/www.radiopresidenteibanez.cl\/web\/wp-json\/wp\/v2\/comments?post=57605"}],"version-history":[{"count":0,"href":"https:\/\/www.radiopresidenteibanez.cl\/web\/wp-json\/wp\/v2\/posts\/57605\/revisions"}],"wp:featuredmedia":[{"embeddable":true,"href":"https:\/\/www.radiopresidenteibanez.cl\/web\/wp-json\/wp\/v2\/media\/57606"}],"wp:attachment":[{"href":"https:\/\/www.radiopresidenteibanez.cl\/web\/wp-json\/wp\/v2\/media?parent=57605"}],"wp:term":[{"taxonomy":"category","embeddable":true,"href":"https:\/\/www.radiopresidenteibanez.cl\/web\/wp-json\/wp\/v2\/categories?post=57605"},{"taxonomy":"post_tag","embeddable":true,"href":"https:\/\/www.radiopresidenteibanez.cl\/web\/wp-json\/wp\/v2\/tags?post=57605"}],"curies":[{"name":"wp","href":"https:\/\/api.w.org\/{rel}","templated":true}]}}