{"id":57598,"date":"2025-07-12T15:18:00","date_gmt":"2025-07-12T18:18:00","guid":{"rendered":"https:\/\/www.radiopresidenteibanez.cl\/web\/?p=57598"},"modified":"2025-07-12T11:27:56","modified_gmt":"2025-07-12T14:27:56","slug":"magallanes-impulsa-iniciativas-agroalimentarias-atraves-del-apoyo-de-fia","status":"publish","type":"post","link":"https:\/\/www.radiopresidenteibanez.cl\/web\/magallanes-impulsa-iniciativas-agroalimentarias-atraves-del-apoyo-de-fia\/","title":{"rendered":"Magallanes impulsa iniciativas agroalimentarias atrav\u00e9s del apoyo de FIA"},"content":{"rendered":"\n<p>La adjudicaci\u00f3n de las dos propuestas en Magallanes -un evento y una gira tecnol\u00f3gica-<br>marca un hito para la regi\u00f3n, dado que hist\u00f3ricamente ha existido baja participaci\u00f3n local<br>en este tipo de convocatorias. Ambos proyectos destacan por su alta pertinencia territorial<br>y abordan tem\u00e1ticas clave para el desarrollo agroalimentario regional, lo que permite no<br>solo fortalecer capacidades, sino tambi\u00e9n visibilizar el potencial del territorio e incentivar<br>una mayor postulaci\u00f3n en futuras ediciones.<br>VOCES DESDE EL TERRITORIO<br>Esperanza Garrido, representante regional (s) de FIA en Magallanes, subray\u00f3 que \u201cestas<br>iniciativas responden a desaf\u00edos concretos del territorio en agro procesos e innovaci\u00f3n<br>alimentaria. No solo permitir\u00e1n fortalecer capacidades t\u00e9cnicas y avanzar en procesos de<br>comercializaci\u00f3n, sino tambi\u00e9n visibilizar el potencial de recursos locales como la<br>Salicornia magellanica. Como Fundaci\u00f3n, seguiremos trabajando en terreno para articular<br>oportunidades que impulsen la innovaci\u00f3n con identidad regional y sostenibilidad\u201d.<br>Irene Ram\u00edrez M\u00e9rida, SEREMI de Agricultura de Magallanes y la Ant\u00e1rtica Chilena,<br>valor\u00f3 el rol de FIA en la adjudicaci\u00f3n de estas iniciativas. Agreg\u00f3 que \u201cel Ministerio de<br>Agricultura, con el apoyo de sus instituciones, busca entregar herramientas concretas a<br>los territorios para que propongan desde las regiones soluciones de innovaci\u00f3n para el<br>agro. Gracias a FIA, hoy podemos avanzar en la valorizaci\u00f3n de nuevos productos para<br>los sistemas agroalimentarios del pa\u00eds. Adem\u00e1s, conocer avances de otras regiones<br>permitir\u00e1 canalizar experiencias exitosas y adaptarlas a nuestra realidad regional\u201d.<br>PROPUESTAS ADJUDICADAS: SALICORNIAMAGELLANICA: ALIMENTO DEL<br>FUTURO CON RA\u00cdCES EN LA PATAGONIA<br>Una de las propuestas adjudicadas es el evento denominado: \u201cPotencial y valorizaci\u00f3n de<br>Salicornia magall\u00e1nica: innovaci\u00f3n y diversificaci\u00f3n en sistemas alimentarios sostenibles<br>en la Patagonia\u201d. Se trata de una especie nativa de alto valor nutricional, tambi\u00e9n<br>conocida como salicornia o esp\u00e1rrago de mar. Es una planta que crece en ambientes<br>salinos de la Patagonia, como marismas y lagunas salobres.<\/p>\n\n\n\n<p>La actividad contempla exposiciones sobre evidencia cient\u00edfica, experiencias de<br>transformaci\u00f3n y desaf\u00edos regulatorios, convocando a actores clave del mundo<br>agroalimentario para fomentar su incorporaci\u00f3n en sistemas con identidad territorial. El<br>encuentro reunir\u00e1 a especialistas de Chile y Argentina para abordar brechas en su uso<br>alimentario, desde aspectos t\u00e9cnicos y normativos hasta aplicaciones gastron\u00f3micas.<br>Pese a sus propiedades funcionales \u2014como su contenido en prote\u00ednas, \u00e1cidos grasos<br>omega 3 y 6, fibra y antioxidantes\u2014, su consumo humano en Chile a\u00fan es incipiente. El<br>seminario busca revertir esta situaci\u00f3n promoviendo su posicionamiento como un<br>ingrediente estrat\u00e9gico en la alimentaci\u00f3n sostenible y regional.<br>GIRA TECNOL\u00d3GICA PARA LA AGRICULTURA FAMILIAR CAMPESINA<br>La segunda iniciativa adjudicada, \u201cFortalecimiento de la innovaci\u00f3n agroindustrial y la<br>inocuidad alimentaria en el Grupo de Transferencia Tecnol\u00f3gica (GTT) en agro procesos<br>de Magallanes\u201d, consiste en una gira nacional que permitir\u00e1 a productores del GTT de<br>INIA Kampenaike visitar experiencias relevantes en la zona centro-sur del pa\u00eds.<br>El recorrido incluye visitas a la Planta Piloto de Agroindustria y al Centro de Transferencia<br>Tecnol\u00f3gica en Alimentos (CDTA) de la Universidad de Concepci\u00f3n, una sala de procesos<br>m\u00f3vil en Negrete y el emprendimiento Huerto San Francisco SPA. Estas experiencias<br>permitir\u00e1n conocer modelos escalables y soluciones t\u00e9cnicas adecuadas para zonas<br>extremas como Magallanes.<br>Actualmente, el 80% de las salas de proceso del grupo no cuenta con resoluci\u00f3n sanitaria,<br>lo que representa una de las principales barreras de comercializaci\u00f3n para la AFC<br>regional. La gira busca fortalecer capacidades en tecnolog\u00edas agroindustriales, Buenas<br>Pr\u00e1cticas de Manufactura (BPM), inocuidad y gesti\u00f3n de calidad, favoreciendo la<br>formalizaci\u00f3n productiva y la proyecci\u00f3n de inversiones acordes al contexto local.<br>Estas acciones reafirman el compromiso de FIA, como agencia de innovaci\u00f3n del<br>Ministerio de Agricultura con el desarrollo de un sector agroalimentario m\u00e1s innovador,<br>resiliente y con sello local en el extremo sur del pa\u00eds.<\/p>\n","protected":false},"excerpt":{"rendered":"<p>La adjudicaci\u00f3n de las dos propuestas en Magallanes -un evento y una gira tecnol\u00f3gica-marca un hito para la regi\u00f3n, dado que hist\u00f3ricamente ha existido baja participaci\u00f3n localen este tipo de&#8230; <a class=\"read-more\" href=\"https:\/\/www.radiopresidenteibanez.cl\/web\/magallanes-impulsa-iniciativas-agroalimentarias-atraves-del-apoyo-de-fia\/\">Leer m\u00e1s<\/a><\/p>\n","protected":false},"author":2,"featured_media":57599,"comment_status":"closed","ping_status":"closed","sticky":false,"template":"","format":"standard","meta":{"footnotes":""},"categories":[1],"tags":[],"class_list":["post-57598","post","type-post","status-publish","format-standard","has-post-thumbnail","hentry","category-cronica"],"_links":{"self":[{"href":"https:\/\/www.radiopresidenteibanez.cl\/web\/wp-json\/wp\/v2\/posts\/57598","targetHints":{"allow":["GET"]}}],"collection":[{"href":"https:\/\/www.radiopresidenteibanez.cl\/web\/wp-json\/wp\/v2\/posts"}],"about":[{"href":"https:\/\/www.radiopresidenteibanez.cl\/web\/wp-json\/wp\/v2\/types\/post"}],"author":[{"embeddable":true,"href":"https:\/\/www.radiopresidenteibanez.cl\/web\/wp-json\/wp\/v2\/users\/2"}],"replies":[{"embeddable":true,"href":"https:\/\/www.radiopresidenteibanez.cl\/web\/wp-json\/wp\/v2\/comments?post=57598"}],"version-history":[{"count":0,"href":"https:\/\/www.radiopresidenteibanez.cl\/web\/wp-json\/wp\/v2\/posts\/57598\/revisions"}],"wp:featuredmedia":[{"embeddable":true,"href":"https:\/\/www.radiopresidenteibanez.cl\/web\/wp-json\/wp\/v2\/media\/57599"}],"wp:attachment":[{"href":"https:\/\/www.radiopresidenteibanez.cl\/web\/wp-json\/wp\/v2\/media?parent=57598"}],"wp:term":[{"taxonomy":"category","embeddable":true,"href":"https:\/\/www.radiopresidenteibanez.cl\/web\/wp-json\/wp\/v2\/categories?post=57598"},{"taxonomy":"post_tag","embeddable":true,"href":"https:\/\/www.radiopresidenteibanez.cl\/web\/wp-json\/wp\/v2\/tags?post=57598"}],"curies":[{"name":"wp","href":"https:\/\/api.w.org\/{rel}","templated":true}]}}