{"id":57595,"date":"2025-07-12T12:49:00","date_gmt":"2025-07-12T15:49:00","guid":{"rendered":"https:\/\/www.radiopresidenteibanez.cl\/web\/?p=57595"},"modified":"2025-07-12T11:16:47","modified_gmt":"2025-07-12T14:16:47","slug":"umag-desarrolla-innovadora-app-que-conecta-a-personas-mayores-con-el-mundo-de-las-plantas-medicinales","status":"publish","type":"post","link":"https:\/\/www.radiopresidenteibanez.cl\/web\/umag-desarrolla-innovadora-app-que-conecta-a-personas-mayores-con-el-mundo-de-las-plantas-medicinales\/","title":{"rendered":"UMAG desarrolla innovadora app que conecta a personas mayores con el mundo de las plantas medicinales"},"content":{"rendered":"\n<p>Con el objetivo de mejorar la calidad de vida de las personas mayores a trav\u00e9s del uso de tecnolog\u00eda, un equipo multidisciplinario de la Universidad de Magallanes (UMAG) se encuentra desarrollando una aplicaci\u00f3n m\u00f3vil centrada en el conocimiento y uso racional de las plantas medicinales.<\/p>\n\n\n\n<p>La iniciativa, denominada&nbsp;<strong>\u201cFitoterappia\u201d,&nbsp;<\/strong>es parte del proyecto&nbsp;<strong>\u201cCultivando salud y bienestar: tecnolog\u00edas para mejorar la calidad de vida en personas mayores\u201d,<\/strong>&nbsp;financiado por la Agencia Nacional de Investigaci\u00f3n y Desarrollo (ANID) y apoyado por la Academia Nacional de Medicina de Estados Unidos. Recientemente, fue presentada en una jornada piloto a usuarios y usuarias del&nbsp;<strong>Centro Diurno Referencial de la UMAG<\/strong>, con el fin de recoger sus primeras impresiones y sugerencias.<\/p>\n\n\n\n<p>\u201cLa idea es que las personas mayores puedan acceder, desde sus celulares, a informaci\u00f3n sobre los beneficios de diversas plantas medicinales. Adem\u00e1s, buscamos rescatar conocimientos tradicionales que se han ido perdiendo con el tiempo\u201d, explic\u00f3 el acad\u00e9mico de la Escuela de Medicina, Luis Gonz\u00e1lez Burgos.<\/p>\n\n\n\n<p><strong>Tecnolog\u00eda con prop\u00f3sito<\/strong><\/p>\n\n\n\n<p>El prototipo permite explorar un cat\u00e1logo de plantas medicinales y conocer sus propiedades terap\u00e9uticas. En esta etapa inicial, el equipo busca validar la usabilidad de la app, identificar mejoras y ampliar el contenido disponible. \u201cEs clave que las personas mayores se familiaricen con herramientas tecnol\u00f3gicas que vayan m\u00e1s all\u00e1 del uso b\u00e1sico del celular. Esta aplicaci\u00f3n puede ser una puerta de entrada a un uso m\u00e1s integral y significativo de la tecnolog\u00eda\u201d, se\u00f1al\u00f3 la acad\u00e9mica del Departamento de Ingenier\u00eda en Computaci\u00f3n e Inform\u00e1tica,&nbsp;<strong>Patricia Maldonado.<\/strong><\/p>\n\n\n\n<p>Por su parte,&nbsp;<strong>Claudia Salinas,<\/strong>&nbsp;acad\u00e9mica del Departamento de Ciencias y Recursos Naturales UMAG y, adem\u00e1s, coordinadora ejecutiva del programa Explora Magallanes, precis\u00f3 que, \u201cpara nosotros es todo un desaf\u00edo llevar lo que uno hace en terreno a una aplicaci\u00f3n y es lo que estamos trabajando en este proyecto, para que, lo que hacemos en terreno como cultivar, el reconocer las plantas medicinales, lo podamos llevar a una aplicaci\u00f3n y sobre todo que esta aplicaci\u00f3n sirva para personas a adultas\u201d.<\/p>\n\n\n\n<p><strong>Opiniones que gu\u00edan el camino<\/strong><\/p>\n\n\n\n<p>Durante la jornada, las personas mayores del Centro Diurno pudieron interactuar directamente con la aplicaci\u00f3n, destacando su valor y utilidad.<\/p>\n\n\n\n<p>\u201cMe gust\u00f3 mucho, es atractiva. Me cost\u00f3 un poco descargarla, pero lo logr\u00e9. A m\u00ed me gustan las plantas, as\u00ed que esta app me cay\u00f3 del cielo\u201d, coment\u00f3&nbsp;<strong>Abd\u00f3n Ochoa<\/strong>, uno de los asistentes.<\/p>\n\n\n\n<p>\u201cEsto nos abre muchas puertas. Yo no conoc\u00eda tanto sobre plantas medicinales, y ahora podr\u00e9 aplicar estos conocimientos en casa\u201d, agreg\u00f3&nbsp;<strong>Berta Jara Salazar<\/strong>, tambi\u00e9n usuaria del centro.<\/p>\n\n\n\n<p>Adem\u00e1s de la aplicaci\u00f3n m\u00f3vil, el proyecto contempla la implementaci\u00f3n de un invernadero ergon\u00f3mico y seguro que facilite el cultivo de plantas y programas de capacitaci\u00f3n para profesionales y personas mayores que gu\u00eden en el uso de la aplicaci\u00f3n y el cuidado de invernaderos, as\u00ed como el dictado de talleres educativos.<\/p>\n","protected":false},"excerpt":{"rendered":"<p>Con el objetivo de mejorar la calidad de vida de las personas mayores a trav\u00e9s del uso de tecnolog\u00eda, un equipo multidisciplinario de la Universidad de Magallanes (UMAG) se encuentra&#8230; <a class=\"read-more\" href=\"https:\/\/www.radiopresidenteibanez.cl\/web\/umag-desarrolla-innovadora-app-que-conecta-a-personas-mayores-con-el-mundo-de-las-plantas-medicinales\/\">Leer m\u00e1s<\/a><\/p>\n","protected":false},"author":2,"featured_media":57596,"comment_status":"closed","ping_status":"closed","sticky":false,"template":"","format":"standard","meta":{"footnotes":""},"categories":[1],"tags":[],"class_list":["post-57595","post","type-post","status-publish","format-standard","has-post-thumbnail","hentry","category-cronica"],"_links":{"self":[{"href":"https:\/\/www.radiopresidenteibanez.cl\/web\/wp-json\/wp\/v2\/posts\/57595","targetHints":{"allow":["GET"]}}],"collection":[{"href":"https:\/\/www.radiopresidenteibanez.cl\/web\/wp-json\/wp\/v2\/posts"}],"about":[{"href":"https:\/\/www.radiopresidenteibanez.cl\/web\/wp-json\/wp\/v2\/types\/post"}],"author":[{"embeddable":true,"href":"https:\/\/www.radiopresidenteibanez.cl\/web\/wp-json\/wp\/v2\/users\/2"}],"replies":[{"embeddable":true,"href":"https:\/\/www.radiopresidenteibanez.cl\/web\/wp-json\/wp\/v2\/comments?post=57595"}],"version-history":[{"count":0,"href":"https:\/\/www.radiopresidenteibanez.cl\/web\/wp-json\/wp\/v2\/posts\/57595\/revisions"}],"wp:featuredmedia":[{"embeddable":true,"href":"https:\/\/www.radiopresidenteibanez.cl\/web\/wp-json\/wp\/v2\/media\/57596"}],"wp:attachment":[{"href":"https:\/\/www.radiopresidenteibanez.cl\/web\/wp-json\/wp\/v2\/media?parent=57595"}],"wp:term":[{"taxonomy":"category","embeddable":true,"href":"https:\/\/www.radiopresidenteibanez.cl\/web\/wp-json\/wp\/v2\/categories?post=57595"},{"taxonomy":"post_tag","embeddable":true,"href":"https:\/\/www.radiopresidenteibanez.cl\/web\/wp-json\/wp\/v2\/tags?post=57595"}],"curies":[{"name":"wp","href":"https:\/\/api.w.org\/{rel}","templated":true}]}}