{"id":57590,"date":"2025-07-12T10:52:48","date_gmt":"2025-07-12T13:52:48","guid":{"rendered":"https:\/\/www.radiopresidenteibanez.cl\/web\/?p=57590"},"modified":"2025-07-12T10:53:44","modified_gmt":"2025-07-12T13:53:44","slug":"homenaje-a-carlos-vega-delgado-un-pilar-del-periodismo-y-la-cultura-patagonica","status":"publish","type":"post","link":"https:\/\/www.radiopresidenteibanez.cl\/web\/homenaje-a-carlos-vega-delgado-un-pilar-del-periodismo-y-la-cultura-patagonica\/","title":{"rendered":"Homenaje a Carlos Vega Delgado: Un pilar del periodismo y la cultura patag\u00f3nica"},"content":{"rendered":"\n<p>En el marco de la conmemoraci\u00f3n del D\u00eda<br>del Periodista en Chile, el Club Croata de Punta Arenas fue el escenario de un<br>emotivo y concurrido homenaje a&nbsp;Carlos Vega Delgado, destacado periodista,<br>escritor e investigador. El reconocimiento, organizado por el Consejo Regional<br>Magallanes y de la Ant\u00e1rtica Chilena del Colegio de Periodistas de Chile, destac\u00f3<br>la invaluable contribuci\u00f3n de Vega a la cultura y al desarrollo de la profesi\u00f3n en<br>Magallanes y toda la Patagonia.<br>Carlos Vega Delgado, quien egres\u00f3 de la Universidad de Concepci\u00f3n en 1971,<br>dej\u00f3 una profunda huella en los medios de comunicaci\u00f3n de Magallanes,<br>trabajando en la desaparecida radioemisora \u201cLa Voz del Sur\u201d y en los diarios \u201cLa<br>Prensa Austral\u201d y \u201cEl Magallanes\u201d, entre otros.<br>Sin embargo, su legado se extiende m\u00e1s all\u00e1 de la redacci\u00f3n. A finales de los a\u00f1os<br>80, Vega Delgado fund\u00f3 la imprenta y editorial&nbsp;Atel\u00ed, que r\u00e1pidamente se convirti\u00f3<br>en un faro para las nuevas voces literarias y un actor clave en la difusi\u00f3n del<br>patrimonio regional. Pavel Oyarz\u00fan, reconocido escritor, poeta y novelista, no dud\u00f3<br>en calificar a Atel\u00ed como&nbsp;\u201cla mayor empresa cultural de los \u00faltimos 40 a\u00f1os, con la<br>mayor capacidad de irradiar cultura a toda la Patagonia\u201d. Oyarz\u00fan a\u00f1adi\u00f3 que&nbsp;\u201cen<br>torno a la mesa de Vega se cuajaron los temas de investigaci\u00f3n y culturales de<br>Magallanes, siendo un innovador y un ejemplo a seguir para los j\u00f3venes de la<br>\u00e9poca\u201d.<br>El\u00edas Barticevic, presidente local del Colegio de Periodistas, tambi\u00e9n enfatiz\u00f3 la<br>importancia de su legado.&nbsp;\u201cCarlos fue un formador, ense\u00f1\u00f3 el oficio del periodismo<br>y la investigaci\u00f3n\u201d, afirm\u00f3 Barticevic, subrayando el papel de Vega en la mentor\u00eda<br>de nuevas generaciones.&nbsp;\u201c\u00c9l puso en la agenda regional temas cruciales como el<br>estudio de los pueblos originarios, los movimientos obreros, la preocupaci\u00f3n<br>ambiental y el desarrollo cient\u00edfico.&nbsp;Este reconocimiento de sus pares es un acto<br>de justicia, memoria y patrimonio.\u201d, agreg\u00f3.<br>La Revista \u00abImpactos\u00bb<br>La visi\u00f3n de Carlos Vega tambi\u00e9n se materializ\u00f3 en la revista&nbsp;\u201cImpactos\u201d, una de<br>las publicaciones de investigaci\u00f3n patrimonial hist\u00f3rica m\u00e1s relevantes que ha<br>producido Magallanes. Entre 1989 y 2003, \u201cImpactos\u201d public\u00f3 120 n\u00fameros.<\/p>\n\n\n\n<p>Barticevic destac\u00f3 la trascendencia de esta publicaci\u00f3n, se\u00f1alando que&nbsp;\u201cImpactos<br>fue una oportunidad para desarrollar cr\u00f3nicas, art\u00edculos y el periodismo de<br>investigaci\u00f3n\u201d.<br>La dedicaci\u00f3n de Carlos Vega a la investigaci\u00f3n y la escritura se refleja en su<br>extensa bibliograf\u00eda, que abarca diversos g\u00e9neros: desde novelas como \u201cLa<br>leyenda de Pascualini\u201d (1993) hasta cr\u00f3nicas como \u201cEl crimen del Cerro de la<br>Cruz\u201d (1994), pasando por cuentos, testimonios y ensayos hist\u00f3ricos. Entre sus<br>obras m\u00e1s destacadas se encuentran \u201cCuando el cielo se oscurece. (Sam\u00e1n<br>arkacho\u00e9). Historia de vida, testimonio alacalufe de Alberto Achacaz Walakial\u201d<br>(1995), \u201cLa masacre en la Federaci\u00f3n Obrera de Magallanes. El movimiento<br>obrero patag\u00f3nico-fueguino hasta 1920\u201d (1996), y la coautor\u00eda de obras como \u201cEl<br>juicio de Cambiazo\u201d (2004) y \u201cVej\u00e1menes inferidos a ind\u00edgenas de Tierra del<br>Fuego\u201d, tomos II y III (2002 y 2013).<br>Carlos Vega Delgado es, sin duda, una&nbsp;figura central e insustituible en el<br>periodismo y la cultura magall\u00e1nica. Su vasta obra representa un aporte<br>fundamental al di\u00e1logo entre la memoria colectiva y la disciplina acad\u00e9mica,<br>dejando una huella indeleble en la recuperaci\u00f3n y valoraci\u00f3n de la identidad<br>regional de Magallanes y Fuego-Patagonia. El homenaje de hoy es un justo tributo<br>a una vida dedicada al conocimiento, la difusi\u00f3n y la preservaci\u00f3n del patrimonio<br>cultural de Chile.<\/p>\n","protected":false},"excerpt":{"rendered":"<p>En el marco de la conmemoraci\u00f3n del D\u00edadel Periodista en Chile, el Club Croata de Punta Arenas fue el escenario de unemotivo y concurrido homenaje a&nbsp;Carlos Vega Delgado, destacado periodista,escritor&#8230; <a class=\"read-more\" href=\"https:\/\/www.radiopresidenteibanez.cl\/web\/homenaje-a-carlos-vega-delgado-un-pilar-del-periodismo-y-la-cultura-patagonica\/\">Leer m\u00e1s<\/a><\/p>\n","protected":false},"author":2,"featured_media":57591,"comment_status":"closed","ping_status":"closed","sticky":false,"template":"","format":"standard","meta":{"footnotes":""},"categories":[1],"tags":[],"class_list":["post-57590","post","type-post","status-publish","format-standard","has-post-thumbnail","hentry","category-cronica"],"_links":{"self":[{"href":"https:\/\/www.radiopresidenteibanez.cl\/web\/wp-json\/wp\/v2\/posts\/57590","targetHints":{"allow":["GET"]}}],"collection":[{"href":"https:\/\/www.radiopresidenteibanez.cl\/web\/wp-json\/wp\/v2\/posts"}],"about":[{"href":"https:\/\/www.radiopresidenteibanez.cl\/web\/wp-json\/wp\/v2\/types\/post"}],"author":[{"embeddable":true,"href":"https:\/\/www.radiopresidenteibanez.cl\/web\/wp-json\/wp\/v2\/users\/2"}],"replies":[{"embeddable":true,"href":"https:\/\/www.radiopresidenteibanez.cl\/web\/wp-json\/wp\/v2\/comments?post=57590"}],"version-history":[{"count":0,"href":"https:\/\/www.radiopresidenteibanez.cl\/web\/wp-json\/wp\/v2\/posts\/57590\/revisions"}],"wp:featuredmedia":[{"embeddable":true,"href":"https:\/\/www.radiopresidenteibanez.cl\/web\/wp-json\/wp\/v2\/media\/57591"}],"wp:attachment":[{"href":"https:\/\/www.radiopresidenteibanez.cl\/web\/wp-json\/wp\/v2\/media?parent=57590"}],"wp:term":[{"taxonomy":"category","embeddable":true,"href":"https:\/\/www.radiopresidenteibanez.cl\/web\/wp-json\/wp\/v2\/categories?post=57590"},{"taxonomy":"post_tag","embeddable":true,"href":"https:\/\/www.radiopresidenteibanez.cl\/web\/wp-json\/wp\/v2\/tags?post=57590"}],"curies":[{"name":"wp","href":"https:\/\/api.w.org\/{rel}","templated":true}]}}