{"id":57573,"date":"2025-07-11T17:13:00","date_gmt":"2025-07-11T20:13:00","guid":{"rendered":"https:\/\/www.radiopresidenteibanez.cl\/web\/?p=57573"},"modified":"2025-07-11T11:27:27","modified_gmt":"2025-07-11T14:27:27","slug":"estrenan-nueva-temporada-del-podcast-ciencia-al-fin-del-mundo-con-destacados-investigadores-de-la-macrozona","status":"publish","type":"post","link":"https:\/\/www.radiopresidenteibanez.cl\/web\/estrenan-nueva-temporada-del-podcast-ciencia-al-fin-del-mundo-con-destacados-investigadores-de-la-macrozona\/","title":{"rendered":"Estrenan nueva temporada del podcast Ciencia al fin del mundo con destacados investigadores de la macrozona"},"content":{"rendered":"\n<p>\u201cDesde los fiordos, bosques, cordilleras y estepas de la Patagonia chilena, nace Ciencia al fin<br>del mundo\u201d. As\u00ed comienza cada cap\u00edtulo del podcast desarrollado por el equipo de<br>comunicaciones de la red colaborativa Nodo Ciencia Austral.<br>\u201cEn un mundo cada vez m\u00e1s complejo, comprender c\u00f3mo funciona la ciencia y su impacto<br>en la vida humana y no humana es crucial para tomar mejores decisiones, tanto personales<br>como comunitarias. Los podcasts, en este contexto, son herramientas fascinantes para la<br>divulgaci\u00f3n cient\u00edfica, tienen adem\u00e1s esa gracia de ser atemporales y sin fronteras\u201d,<br>comenta la conductora Catalina Espinosa, quien integra el equipo de comunicaciones de<br>Nodo Ciencia Austral y el Centro de Investigaci\u00f3n en Ecosistemas de la Patagonia.<br>Este podcast y programa radial tiene un prop\u00f3sito claro: visibilizar y socializar el<br>conocimiento cient\u00edfico que se genera en los territorios australes. \u201cA trav\u00e9s de<br>conversaciones enriquecedoras, y siempre en un formato ameno y cercano, buscamos tejer<br>redes entre las regiones de Ays\u00e9n y Magallanes y de la Ant\u00e1rtica Chilena, acercando las<br>voces de investigadoras, investigadores y divulgadores que comparten su pasi\u00f3n y<br>experiencia\u201d, cuenta la periodista Jessica Pichulaf, conductora del podcast y tambi\u00e9n<br>coordinadora de Nodo Ciencia Austral para la Regi\u00f3n de Ays\u00e9n.<br>Glaciares, paleontolog\u00eda, Ant\u00e1rtica, turberas y la conexi\u00f3n entre arte y ciencia, son algunos<br>de los temas centrales de esta segunda temporada, que puede escucharse a trav\u00e9s de la<br>plataforma Spotify, el canal de youtube de Nodo Ciencia Austral y tambi\u00e9n en las radios<\/p>\n\n\n\n<p>Santa Mar\u00eda para la regi\u00f3n de Ays\u00e9n y Presidente Ib\u00e1\u00f1ez para la regi\u00f3n de Magallanes y de la<br>Ant\u00e1rtica Chilena.<br>Comenzando julio se estren\u00f3 el primer episodio de esta temporada, que tuvo como invitada<br>a la destacada paleont\u00f3loga chilena Judith Pardo, acad\u00e9mica de la Universidad de<br>Magallanes, quien ha dedicado su vida a investigar y rescatar la historia de los ictiosaurios<br>(antiguos reptiles marinos que vivieron hace millones de a\u00f1os). Gracias a sus<br>descubrimientos -que relata con fascinantes detalles en el podcast- realizados en el glaciar<br>Tyndall, \u00e9ste se ha convertido en un lugar \u00fanico para la paleontolog\u00eda mundial.<br>Para esta temporada, los otros invitados e invitadas son: Rodrigo Torres, bi\u00f3logo marino e<br>investigador del Centro de Investigaci\u00f3n en Ecosistemas de la Patagonia (CIEP); Mar\u00eda Paz<br>Mart\u00ednez, licenciada en ciencias biol\u00f3gicas e investigadora del Instituto Nacional de<br>Innovaci\u00f3n Agraria (INIA); Sandra Ulloa, artista medial del colectivo Liquen Lab; Elias<br>Barticevic, periodista e investigador del Instituto Ant\u00e1rtico Chileno (INACH); I\u00f1igo<br>Irarrazabal, glaci\u00f3logo e investigador CIEP; Juan Jos\u00e9 Gaete, ge\u00f3grafo y realizador el<br>geoportal Ciencia Austral; y tambi\u00e9n la divulgadora cient\u00edfica N\u00e9lida Pohl, quien convers\u00f3<br>con Ciencia al fin del mundo durante su paso por Coyhaique.<br>Un total de ocho episodios se emitir\u00e1n cada jueves de julio y agosto a las 16:30 horas dando<br>vida a esta segunda temporada y explorando diversas tem\u00e1ticas relevantes para el quehacer<br>cient\u00edfico y tecnol\u00f3gico de la Macrozona Austral. \u201cAs\u00ed, Ciencia al Fin del Mundo trasciende<br>fronteras, llevando el conocimiento cient\u00edfico desde los confines australes a todos los<br>rincones del planeta. Nuestro objetivo es inspirar un di\u00e1logo global fundamentado en el<br>entendimiento y el respeto hacia los ecosistemas subant\u00e1rticos y su relevancia\u201d, agregan<br>desde el equipo de comunicaciones de Nodo Ciencia Austral, integrado por las periodistas<br>Jessica Pichulaf, Loreto Medina y Catalina Camus, junto a la comunicadora audiovisual<br>Catalina Espinosa y la dise\u00f1adora Camila Gratacos.<br>Cabe se\u00f1alar que, buscando aportar a la descentralizaci\u00f3n y la equidad en materia de<br>ciencia, tecnolog\u00eda, conocimiento e innovaci\u00f3n, esta red de trabajo colaborativo es<br>integrada por 16 instituciones de la Macrozona Austral y es financiada por la Agencia<br>Nacional de Investigaci\u00f3n y Desarrollo (ANID).<\/p>\n","protected":false},"excerpt":{"rendered":"<p>\u201cDesde los fiordos, bosques, cordilleras y estepas de la Patagonia chilena, nace Ciencia al findel mundo\u201d. As\u00ed comienza cada cap\u00edtulo del podcast desarrollado por el equipo decomunicaciones de la red&#8230; <a class=\"read-more\" href=\"https:\/\/www.radiopresidenteibanez.cl\/web\/estrenan-nueva-temporada-del-podcast-ciencia-al-fin-del-mundo-con-destacados-investigadores-de-la-macrozona\/\">Leer m\u00e1s<\/a><\/p>\n","protected":false},"author":2,"featured_media":57574,"comment_status":"closed","ping_status":"closed","sticky":false,"template":"","format":"standard","meta":{"footnotes":""},"categories":[1],"tags":[],"class_list":["post-57573","post","type-post","status-publish","format-standard","has-post-thumbnail","hentry","category-cronica"],"_links":{"self":[{"href":"https:\/\/www.radiopresidenteibanez.cl\/web\/wp-json\/wp\/v2\/posts\/57573","targetHints":{"allow":["GET"]}}],"collection":[{"href":"https:\/\/www.radiopresidenteibanez.cl\/web\/wp-json\/wp\/v2\/posts"}],"about":[{"href":"https:\/\/www.radiopresidenteibanez.cl\/web\/wp-json\/wp\/v2\/types\/post"}],"author":[{"embeddable":true,"href":"https:\/\/www.radiopresidenteibanez.cl\/web\/wp-json\/wp\/v2\/users\/2"}],"replies":[{"embeddable":true,"href":"https:\/\/www.radiopresidenteibanez.cl\/web\/wp-json\/wp\/v2\/comments?post=57573"}],"version-history":[{"count":0,"href":"https:\/\/www.radiopresidenteibanez.cl\/web\/wp-json\/wp\/v2\/posts\/57573\/revisions"}],"wp:featuredmedia":[{"embeddable":true,"href":"https:\/\/www.radiopresidenteibanez.cl\/web\/wp-json\/wp\/v2\/media\/57574"}],"wp:attachment":[{"href":"https:\/\/www.radiopresidenteibanez.cl\/web\/wp-json\/wp\/v2\/media?parent=57573"}],"wp:term":[{"taxonomy":"category","embeddable":true,"href":"https:\/\/www.radiopresidenteibanez.cl\/web\/wp-json\/wp\/v2\/categories?post=57573"},{"taxonomy":"post_tag","embeddable":true,"href":"https:\/\/www.radiopresidenteibanez.cl\/web\/wp-json\/wp\/v2\/tags?post=57573"}],"curies":[{"name":"wp","href":"https:\/\/api.w.org\/{rel}","templated":true}]}}