{"id":57570,"date":"2025-07-11T15:49:00","date_gmt":"2025-07-11T18:49:00","guid":{"rendered":"https:\/\/www.radiopresidenteibanez.cl\/web\/?p=57570"},"modified":"2025-07-11T11:22:54","modified_gmt":"2025-07-11T14:22:54","slug":"la-reforma-previsional-y-el-reconocimientoa-las-victimas-de-violaciones-a-los-derechos-humanos","status":"publish","type":"post","link":"https:\/\/www.radiopresidenteibanez.cl\/web\/la-reforma-previsional-y-el-reconocimientoa-las-victimas-de-violaciones-a-los-derechos-humanos\/","title":{"rendered":"LA REFORMA PREVISIONAL Y EL RECONOCIMIENTOA LAS VI\u0301CTIMAS DE VIOLACIONES A LOS DERECHOS HUMANOS"},"content":{"rendered":"\n<p>Con la entrada en vigencia de la Reforma de Pensiones, Chile avanza hacia un sistema de<br>seguridad social m\u00e1s justo, y esta vez lo hace mirando de frente a su historia.<\/p>\n\n\n\n<p>Recordemos que uno de los cambios m\u00e1s significativos impulsados por la actual reforma<br>previsional -poco visible, pero profundamente transformador- es la eliminaci\u00f3n del art\u00edculo 36 de<br>la Ley 20.255, que durante a\u00f1os gener\u00f3 una injusta incompatibilidad entre la Pensi\u00f3n Garantizada<br>Universal (PGU) y las pensiones de reparaci\u00f3n de v\u00edctimas y familiares de quienes fueron v\u00edctimas<br>de desaparici\u00f3n forzada, ejecuci\u00f3n pol\u00edtica, prisi\u00f3n pol\u00edtica, tortura o exoneraci\u00f3n.<\/p>\n\n\n\n<p>Esta es una medida largamente esperada por las agrupaciones de derechos humanos y por<br>quienes han vivido, muchas veces en silencio, las secuelas del terrorismo de Estado.<\/p>\n\n\n\n<p>En concreto se traduce en que v\u00edctimas y familiares de v\u00edctimas de desaparici\u00f3n forzada o<br>ejecuci\u00f3n pol\u00edtica calificadas, sobrevivientes de prisi\u00f3n pol\u00edtica o tortura calificados\/as, o bien<br>personas exoneradas calificadas, que tengan 82 a\u00f1os a septiembre del presente a\u00f1o, previa<br>postulaci\u00f3n en el Instituto de Previsi\u00f3n Social (IPS), pueden acceder \u00edntegramente a la pensi\u00f3n de<br>reparaci\u00f3n y PGU. Consiguientemente, en el mismo sentido, en septiembre de 2026 quienes<br>tengan 75 a\u00f1os o m\u00e1s, y en septiembre de 2027 quienes tengan 65 a\u00f1os, podr\u00e1n acceder a ambas<br>pensiones de manera \u00edntegra.<\/p>\n\n\n\n<p>Con convicci\u00f3n vemos en esta reforma un paso m\u00e1s en la construcci\u00f3n de un pa\u00eds que reconoce<br>que la reparaci\u00f3n no es asistencialismo, sino una deuda del Estado con quienes defendieron la<br>democracia a costa de su vida y su integridad. A quienes resistieron, a quienes perdieron a un ser<br>querido, a quienes han vivido d\u00e9cadas con cicatrices que no siempre se ven: esta medida no borra<br>el dolor, pero es un acto de reconocimiento que devuelve algo que nunca debi\u00f3 haberse negado:<br>el derecho a envejecer con dignidad.<\/p>\n\n\n\n<p>Como Estado, como Gobierno del Presidente Gabriel Boric y desde cada regi\u00f3n del pa\u00eds, tenemos<br>el deber de decirlo con fuerza y convicci\u00f3n: no hay justicia completa si quienes m\u00e1s sufrieron<br>siguen siendo postergados. Hoy, damos un paso que honra su historia y su lucha inclaudicable.<br>Sabemos que a\u00fan queda camino por recorrer. La reparaci\u00f3n debe ir acompa\u00f1ada de pol\u00edticas<br>integrales de salud, memoria, justicia y educaci\u00f3n en derechos humanos. Pero esta reforma<br>previsional \u2014al eliminar una barrera que por a\u00f1os invisibiliz\u00f3 a un n\u00famero no menor de chilenos y<br>chilenas\u2014 abre una nueva etapa para avanzar hacia un Chile m\u00e1s justo, m\u00e1s digno y con la<br>memoria como base de su democracia.<\/p>\n","protected":false},"excerpt":{"rendered":"<p>Con la entrada en vigencia de la Reforma de Pensiones, Chile avanza hacia un sistema deseguridad social m\u00e1s justo, y esta vez lo hace mirando de frente a su historia&#8230;. <a class=\"read-more\" href=\"https:\/\/www.radiopresidenteibanez.cl\/web\/la-reforma-previsional-y-el-reconocimientoa-las-victimas-de-violaciones-a-los-derechos-humanos\/\">Leer m\u00e1s<\/a><\/p>\n","protected":false},"author":2,"featured_media":57571,"comment_status":"closed","ping_status":"closed","sticky":false,"template":"","format":"standard","meta":{"footnotes":""},"categories":[1],"tags":[],"class_list":["post-57570","post","type-post","status-publish","format-standard","has-post-thumbnail","hentry","category-cronica"],"_links":{"self":[{"href":"https:\/\/www.radiopresidenteibanez.cl\/web\/wp-json\/wp\/v2\/posts\/57570","targetHints":{"allow":["GET"]}}],"collection":[{"href":"https:\/\/www.radiopresidenteibanez.cl\/web\/wp-json\/wp\/v2\/posts"}],"about":[{"href":"https:\/\/www.radiopresidenteibanez.cl\/web\/wp-json\/wp\/v2\/types\/post"}],"author":[{"embeddable":true,"href":"https:\/\/www.radiopresidenteibanez.cl\/web\/wp-json\/wp\/v2\/users\/2"}],"replies":[{"embeddable":true,"href":"https:\/\/www.radiopresidenteibanez.cl\/web\/wp-json\/wp\/v2\/comments?post=57570"}],"version-history":[{"count":0,"href":"https:\/\/www.radiopresidenteibanez.cl\/web\/wp-json\/wp\/v2\/posts\/57570\/revisions"}],"wp:featuredmedia":[{"embeddable":true,"href":"https:\/\/www.radiopresidenteibanez.cl\/web\/wp-json\/wp\/v2\/media\/57571"}],"wp:attachment":[{"href":"https:\/\/www.radiopresidenteibanez.cl\/web\/wp-json\/wp\/v2\/media?parent=57570"}],"wp:term":[{"taxonomy":"category","embeddable":true,"href":"https:\/\/www.radiopresidenteibanez.cl\/web\/wp-json\/wp\/v2\/categories?post=57570"},{"taxonomy":"post_tag","embeddable":true,"href":"https:\/\/www.radiopresidenteibanez.cl\/web\/wp-json\/wp\/v2\/tags?post=57570"}],"curies":[{"name":"wp","href":"https:\/\/api.w.org\/{rel}","templated":true}]}}