{"id":57567,"date":"2025-07-11T14:18:00","date_gmt":"2025-07-11T17:18:00","guid":{"rendered":"https:\/\/www.radiopresidenteibanez.cl\/web\/?p=57567"},"modified":"2025-07-11T11:20:42","modified_gmt":"2025-07-11T14:20:42","slug":"amplian-plazo-para-postular-al-nuevo-fondo-crece-sostenible-de-sercotec","status":"publish","type":"post","link":"https:\/\/www.radiopresidenteibanez.cl\/web\/amplian-plazo-para-postular-al-nuevo-fondo-crece-sostenible-de-sercotec\/","title":{"rendered":"Ampl\u00edan plazo para postular al nuevo fondo Crece Sostenible de Sercotec"},"content":{"rendered":"\n<p>M\u00e1s d\u00edas para completar su postulaci\u00f3n tendr\u00e1n las micro y<br>peque\u00f1as empresas y cooperativas que busquen acceder al programa Crece Sostenible,<br>nuevo fondo concursable de Sercotec que otorga financiamiento y asistencia t\u00e9cnica para<br>la implementaci\u00f3n de tecnolog\u00edas y pr\u00e1cticas sostenibles en los negocios.<br>Hasta el jueves 17 de julio se ampli\u00f3 el plazo para participar de este primer programa de<br>sostenibilidad, que otorga subsidios de hasta $9 millones para que las empresas<br>beneficiarias puedan realizar inversiones con miras a potenciar su crecimiento,<br>consolidaci\u00f3n y\/o acceso a nuevas oportunidades de negocio.<br>Sobre esta convocatoria, la subsecretaria de Econom\u00eda y Empresas de Menor Tama\u00f1o,<br>Javiera Petersen, se\u00f1al\u00f3 que \u201cla l\u00ednea Crece Sostenible busca hacerse cargo de una realidad<br>que no podemos ignorar: las micro y peque\u00f1as empresas son un actor clave en la<br>construcci\u00f3n de un modelo de desarrollo m\u00e1s sostenible, y, por lo mismo, no pueden<br>quedarse atr\u00e1s en la incorporaci\u00f3n de nuevas tecnolog\u00edas. Este paso, fundamental para<br>avanzar en competitividad de empresas de menor tama\u00f1o, lo hacemos con una inversi\u00f3n<br>cercana a los $4.000 millones que nos permitir\u00e1n beneficiar a peque\u00f1as empresas y<br>cooperativas a lo largo de todo el pa\u00eds\u201d.<br>Por su parte, la gerenta general de Sercotec, Mar\u00eda Jos\u00e9 Becerra Moro, destac\u00f3 que esta<br>convocatoria se enmarca en las l\u00edneas estrat\u00e9gicas del Programa de Desarrollo Productivo<br>Sostenible (DPS), una iniciativa interministerial que busca que la producci\u00f3n econ\u00f3mica,<br>social y ambiental se desarrolle de manera m\u00e1s sostenible e inclusiva. \u201cCrece Sostenible es<br>un programa in\u00e9dito que entregar\u00e1 asistencia t\u00e9cnica y subsidios de hasta $9 millones para<br>incorporar tecnolog\u00edas y pr\u00e1cticas sostenibles en las micro y peque\u00f1as empresas y<br>cooperativas. Hoy, solo el 15% de las grandes empresas invierte en protecci\u00f3n ambiental, y<br>esta brecha con las Mipes no puede seguir ampli\u00e1ndose. Con este programa, buscamos un<br>desarrollo productivo m\u00e1s justo, donde nuestras pymes crezcan siendo responsables con la<br>sociedad y el medio ambiente\u201d, dijo la gerenta general de Sercotec.<\/p>\n\n\n\n<p>Magallanes<br>En Magallanes, puntualmente en Punta Arenas, destaca el negocio Ruta Sur, con su enfoque<br>sostenible desde el momento que implement\u00f3, para ejecutar sus procesos productivos,<br>cinco paneles fotovoltaicos.<br>Natasha Alarc\u00f3n, directora regional de Sercotec, expres\u00f3 que \u201cclaramente en el caso de<br>Lorena, su proyecto fue visionario en cierto modo, puesto que fue beneficiaria del programa<br>Crece en 2024. Ella consider\u00f3 la utilizaci\u00f3n de energ\u00eda limpia con el uso de paneles solares<br>y, a pocos d\u00edas de la puesta en marcha del equipamiento fotovoltaico, evidenci\u00f3 notables<br>mejoras en su productividad y gastos asociados como, por ejemplo, en sus boletas de<br>consumo el\u00e9ctrico\u201d.<br>Por su parte, Lorena Villegas, propietaria de Ruta Sur, manifest\u00f3 que \u201cnuestra principal<br>motivaci\u00f3n para postular, fue solucionar un problema, durante el verano cuando crece la<br>poblaci\u00f3n en el sector es recurrente quedarnos sin energ\u00eda el\u00e9ctrica y eso nos imped\u00eda<br>trabajar. Con la instalaci\u00f3n de los paneles, solucionamos este inconveniente y de paso<br>bajamos nuestros costos de producci\u00f3n, y lo mejor de todo con energ\u00eda limpia. Es fabuloso<br>por todos lados\u201d.<br>El fondo permite financiar iniciativas que aborden desaf\u00edos clave como la mitigaci\u00f3n y<br>transici\u00f3n energ\u00e9tica por medio de la descarbonizaci\u00f3n y eficiencia energ\u00e9tica, el desarrollo<br>de la electromovilidad, la seguridad y sustentabilidad del recurso h\u00eddrico, la adaptaci\u00f3n<br>frente a la crisis clim\u00e1tica, entre otros.<br>Espec\u00edficamente con el subsidio las empresas y cooperativas beneficiarias podr\u00e1n invertir<br>en adquisici\u00f3n de activos, habilitaci\u00f3n de infraestructura y capital de trabajo, adem\u00e1s de<br>costear acciones de gesti\u00f3n empresarial como asistencia t\u00e9cnica, capacitaciones y<br>marketing destinadas a desarrollar capacidades internas.<br>A la convocatoria pueden postular personas naturales o jur\u00eddicas con inicio de actividades<br>en primera categor\u00eda ante el Servicio de Impuestos Internos (SII), que desarrollen una<br>actividad econ\u00f3mica coherente con el foco de la convocatoria y que acrediten ventas netas<br>anuales entre 200 y 25.000 UF. Adem\u00e1s, pueden participar cooperativas con inicio de<br>actividades en primera categor\u00eda, cuyas ventas promedio por asociado sean inferiores a<br>25.000 UF.<br>Los requisitos y bases de la convocatoria est\u00e1n disponibles hasta el 17 de julio de 2025, a<br>las 15:00 horas, en www.sercotec.cl.<\/p>\n","protected":false},"excerpt":{"rendered":"<p>M\u00e1s d\u00edas para completar su postulaci\u00f3n tendr\u00e1n las micro ypeque\u00f1as empresas y cooperativas que busquen acceder al programa Crece Sostenible,nuevo fondo concursable de Sercotec que otorga financiamiento y asistencia t\u00e9cnica&#8230; <a class=\"read-more\" href=\"https:\/\/www.radiopresidenteibanez.cl\/web\/amplian-plazo-para-postular-al-nuevo-fondo-crece-sostenible-de-sercotec\/\">Leer m\u00e1s<\/a><\/p>\n","protected":false},"author":2,"featured_media":57568,"comment_status":"closed","ping_status":"closed","sticky":false,"template":"","format":"standard","meta":{"footnotes":""},"categories":[1],"tags":[],"class_list":["post-57567","post","type-post","status-publish","format-standard","has-post-thumbnail","hentry","category-cronica"],"_links":{"self":[{"href":"https:\/\/www.radiopresidenteibanez.cl\/web\/wp-json\/wp\/v2\/posts\/57567","targetHints":{"allow":["GET"]}}],"collection":[{"href":"https:\/\/www.radiopresidenteibanez.cl\/web\/wp-json\/wp\/v2\/posts"}],"about":[{"href":"https:\/\/www.radiopresidenteibanez.cl\/web\/wp-json\/wp\/v2\/types\/post"}],"author":[{"embeddable":true,"href":"https:\/\/www.radiopresidenteibanez.cl\/web\/wp-json\/wp\/v2\/users\/2"}],"replies":[{"embeddable":true,"href":"https:\/\/www.radiopresidenteibanez.cl\/web\/wp-json\/wp\/v2\/comments?post=57567"}],"version-history":[{"count":0,"href":"https:\/\/www.radiopresidenteibanez.cl\/web\/wp-json\/wp\/v2\/posts\/57567\/revisions"}],"wp:featuredmedia":[{"embeddable":true,"href":"https:\/\/www.radiopresidenteibanez.cl\/web\/wp-json\/wp\/v2\/media\/57568"}],"wp:attachment":[{"href":"https:\/\/www.radiopresidenteibanez.cl\/web\/wp-json\/wp\/v2\/media?parent=57567"}],"wp:term":[{"taxonomy":"category","embeddable":true,"href":"https:\/\/www.radiopresidenteibanez.cl\/web\/wp-json\/wp\/v2\/categories?post=57567"},{"taxonomy":"post_tag","embeddable":true,"href":"https:\/\/www.radiopresidenteibanez.cl\/web\/wp-json\/wp\/v2\/tags?post=57567"}],"curies":[{"name":"wp","href":"https:\/\/api.w.org\/{rel}","templated":true}]}}