{"id":57560,"date":"2025-07-11T10:57:00","date_gmt":"2025-07-11T13:57:00","guid":{"rendered":"https:\/\/www.radiopresidenteibanez.cl\/web\/?p=57560"},"modified":"2025-07-11T10:25:41","modified_gmt":"2025-07-11T13:25:41","slug":"sag-magallanes-fiscalizo-caballares-durante-carnaval-de-invierno-y-refuerzalabor-educativa","status":"publish","type":"post","link":"https:\/\/www.radiopresidenteibanez.cl\/web\/sag-magallanes-fiscalizo-caballares-durante-carnaval-de-invierno-y-refuerzalabor-educativa\/","title":{"rendered":"SAG Magallanes fiscaliz\u00f3 caballares durante Carnaval de Invierno y refuerzalabor educativa"},"content":{"rendered":"\n<p>En el marco del tradicional Carnaval de Invierno,<br>la Secretar\u00eda Regional Ministerial de Agricultura, inform\u00f3 que el Servicio Agr\u00edcola y<br>Ganadero (SAG), llev\u00f3 a cabo tareas de fiscalizaci\u00f3n orientadas a resguardar el<br>cumplimiento de la normativa sanitaria y de trazabilidad animal, en coordinaci\u00f3n<br>con personal de la Ilustre Municipalidad de Punta Arenas.<br>Durante la jornada, funcionarios del SAG inspeccionaron a los caballares<br>presentes en el evento, verificando el cumplimiento del uso obligatorio del<br>Formulario de Movimiento Animal (FMA) \u2014cuando corresponde\u2014, as\u00ed como los<br>esquemas de vacunaci\u00f3n contra la Influenza Equina.<br>Como resultado del operativo, se emitieron dos actas de denuncia y citaci\u00f3n<br>(ADC) por el incumplimiento de los programas de vacunaci\u00f3n. Cabe destacar la<br>buena disposici\u00f3n y compromiso de la mayor\u00eda de los jinetes por cumplir con la<br>normativa vigente. Las observaciones formuladas correspondieron a esquemas de<br>vacunaci\u00f3n incompletos, sin representar un riesgo mayor para la actividad.<br>Junto a la labor de fiscalizaci\u00f3n, se despleg\u00f3 una potente acci\u00f3n de comunicaci\u00f3n<br>y educaci\u00f3n dirigida a m\u00e1s de 50 jinetes que integraban las dos agrupaciones<br>campesinas participantes. Esta acci\u00f3n tuvo como prop\u00f3sito reforzar el<br>conocimiento y la importancia del cumplimiento sanitario en actividades con<br>presencia de animales.<br>Desde la Seremi de Agricultura de Magallanes y la direcci\u00f3n regional del SAG se<br>agradece el compromiso del municipio y de los participantes, quienes<br>comprendieron que el rol fiscalizador busca proteger la sanidad animal y el<br>patrimonio fito y zoosanitario de la regi\u00f3n, en un contexto de encuentro ciudadano<br>y celebraci\u00f3n cultural.<\/p>\n","protected":false},"excerpt":{"rendered":"<p>En el marco del tradicional Carnaval de Invierno,la Secretar\u00eda Regional Ministerial de Agricultura, inform\u00f3 que el Servicio Agr\u00edcola yGanadero (SAG), llev\u00f3 a cabo tareas de fiscalizaci\u00f3n orientadas a resguardar elcumplimiento&#8230; <a class=\"read-more\" href=\"https:\/\/www.radiopresidenteibanez.cl\/web\/sag-magallanes-fiscalizo-caballares-durante-carnaval-de-invierno-y-refuerzalabor-educativa\/\">Leer m\u00e1s<\/a><\/p>\n","protected":false},"author":2,"featured_media":57562,"comment_status":"closed","ping_status":"closed","sticky":false,"template":"","format":"standard","meta":{"footnotes":""},"categories":[1],"tags":[],"class_list":["post-57560","post","type-post","status-publish","format-standard","has-post-thumbnail","hentry","category-cronica"],"_links":{"self":[{"href":"https:\/\/www.radiopresidenteibanez.cl\/web\/wp-json\/wp\/v2\/posts\/57560","targetHints":{"allow":["GET"]}}],"collection":[{"href":"https:\/\/www.radiopresidenteibanez.cl\/web\/wp-json\/wp\/v2\/posts"}],"about":[{"href":"https:\/\/www.radiopresidenteibanez.cl\/web\/wp-json\/wp\/v2\/types\/post"}],"author":[{"embeddable":true,"href":"https:\/\/www.radiopresidenteibanez.cl\/web\/wp-json\/wp\/v2\/users\/2"}],"replies":[{"embeddable":true,"href":"https:\/\/www.radiopresidenteibanez.cl\/web\/wp-json\/wp\/v2\/comments?post=57560"}],"version-history":[{"count":0,"href":"https:\/\/www.radiopresidenteibanez.cl\/web\/wp-json\/wp\/v2\/posts\/57560\/revisions"}],"wp:featuredmedia":[{"embeddable":true,"href":"https:\/\/www.radiopresidenteibanez.cl\/web\/wp-json\/wp\/v2\/media\/57562"}],"wp:attachment":[{"href":"https:\/\/www.radiopresidenteibanez.cl\/web\/wp-json\/wp\/v2\/media?parent=57560"}],"wp:term":[{"taxonomy":"category","embeddable":true,"href":"https:\/\/www.radiopresidenteibanez.cl\/web\/wp-json\/wp\/v2\/categories?post=57560"},{"taxonomy":"post_tag","embeddable":true,"href":"https:\/\/www.radiopresidenteibanez.cl\/web\/wp-json\/wp\/v2\/tags?post=57560"}],"curies":[{"name":"wp","href":"https:\/\/api.w.org\/{rel}","templated":true}]}}