{"id":57554,"date":"2025-07-11T08:19:00","date_gmt":"2025-07-11T11:19:00","guid":{"rendered":"https:\/\/www.radiopresidenteibanez.cl\/web\/?p=57554"},"modified":"2025-07-11T08:11:04","modified_gmt":"2025-07-11T11:11:04","slug":"gobierno-refuerza-coordinacion-interinstitucional-para-enfrentar-emergencia-en-vertedero-municipal-de-natales","status":"publish","type":"post","link":"https:\/\/www.radiopresidenteibanez.cl\/web\/gobierno-refuerza-coordinacion-interinstitucional-para-enfrentar-emergencia-en-vertedero-municipal-de-natales\/","title":{"rendered":"Gobierno refuerza coordinaci\u00f3n interinstitucional para enfrentar emergencia en vertedero municipal de Natales"},"content":{"rendered":"\n<p>Con el objetivo de reforzar las acciones ante la emergencia<br>generada por el incendio en el vertedero municipal de Puerto Natales, esta<br>ma\u00f1ana se llev\u00f3 a cabo una reuni\u00f3n ampliada del Comit\u00e9 para la Gesti\u00f3n del<br>Riesgo de Desastres (COGRID) en dependencias de la Ilustre Municipalidad de<br>Natales. La instancia fue convocada por la Delegaci\u00f3n Presidencial Provincial de<br>\u00daltima Esperanza y permiti\u00f3 actualizar informaci\u00f3n clave, evaluar los avances y<br>fortalecer el trabajo coordinado entre los distintos actores que enfrentan esta<br>contingencia.<br>Desde el Gobierno del Presidente Gabriel Boric se ha desplegado un trabajo<br>articulado para apoyar t\u00e9cnicamente y acelerar la respuesta frente a esta<br>emergencia. As\u00ed lo manifest\u00f3 el seremi de Gobierno, Andro Mimica, quien subray\u00f3<br>que \u201cdesde el primer minuto, la voluntad ha estado puesta en colaborar. Se puso a<br>disposici\u00f3n un dron operado por Conaf para detectar puntos calientes y desde la<br>Delegaci\u00f3n Provincial se ha liderado la gesti\u00f3n de recursos que hoy se encuentran<br>en etapa de visaci\u00f3n por parte de SENAPRED\u201d. El vocero a\u00f1adi\u00f3 que todo avance<br>se realiza en el marco del cumplimiento estricto de la normativa, buscando<br>destrabar de manera oportuna los requerimientos t\u00e9cnicos y financieros solicitados<br>por el municipio.<br>Durante la cita, la alcaldesa de Natales, Ana Mayorga Bahamonde, agradeci\u00f3 la<br>presencia de autoridades regionales y la inclusi\u00f3n del Consejo Municipal en esta<br>segunda sesi\u00f3n ampliada de COGRID, que busc\u00f3 dar transparencia al proceso de<br>respuesta. \u201cEstamos sobrepasados desde el primer momento, y lo hemos<br>informado. La emergencia pas\u00f3 de ser una situaci\u00f3n controlable a una de mayor<br>envergadura, por eso hemos solicitado acompa\u00f1amiento, asesor\u00eda t\u00e9cnica y toma<br>de decisiones claras. Valoramos el apoyo del Gobierno en destrabar los procesos<br>y tambi\u00e9n en comprender la dimensi\u00f3n del desaf\u00edo que enfrentamos como<br>municipio\u201d, indic\u00f3 la jefa comunal.<br>El delegado presidencial provincial, de Ultima Esperanza, Guillermo Ruiz, abord\u00f3<br>las inquietudes levantadas respecto a la supuesta demora en la entrega de apoyo<br>estatal, precisando que \u201clos informes requeridos para la validaci\u00f3n de la<br>emergencia por parte de SENAPRED no fueron entregados con la completitud<\/p>\n\n\n\n<p>necesaria en un primer momento. Hoy ya est\u00e1n en manos de la autoridad<br>correspondiente y en proceso de validaci\u00f3n, lo que permitir\u00e1 avanzar con los<br>recursos solicitados. Cada paso est\u00e1 normado por ley, y es nuestro deber<br>asegurar el uso responsable de los fondos p\u00fablicos\u201d.<br>Asimismo, los concejales presentes coincidieron en la necesidad de fortalecer los<br>procedimientos internos para futuras emergencias. Alejandro C\u00e1rdenas destac\u00f3<br>que \u201cla informaci\u00f3n fue clarificada y los pasos se est\u00e1n cumpliendo. Es clave<br>contar con protocolos claros y actualizados\u201d. Por su parte, Ricardo Urbina subray\u00f3<br>que \u201cla lecci\u00f3n de esta emergencia es que debemos mejorar los procesos para<br>entregar informaci\u00f3n \u00fatil y oportuna que permita activar los apoyos del Gobierno<br>en tiempo y forma\u201d.<br>El gobierno reafirm\u00f3 su compromiso con la gesti\u00f3n oportuna de esta emergencia,<br>respetando los procedimientos establecidos y acompa\u00f1ando t\u00e9cnicamente al<br>municipio de Puerto Natales. El despliegue interinstitucional, la participaci\u00f3n activa<br>de las autoridades locales y el trabajo conjunto con SENAPRED permitir\u00e1n<br>enfrentar esta contingencia con la responsabilidad que la ciudadan\u00eda exige.<\/p>\n","protected":false},"excerpt":{"rendered":"<p>Con el objetivo de reforzar las acciones ante la emergenciagenerada por el incendio en el vertedero municipal de Puerto Natales, estama\u00f1ana se llev\u00f3 a cabo una reuni\u00f3n ampliada del Comit\u00e9&#8230; <a class=\"read-more\" href=\"https:\/\/www.radiopresidenteibanez.cl\/web\/gobierno-refuerza-coordinacion-interinstitucional-para-enfrentar-emergencia-en-vertedero-municipal-de-natales\/\">Leer m\u00e1s<\/a><\/p>\n","protected":false},"author":2,"featured_media":57555,"comment_status":"closed","ping_status":"closed","sticky":false,"template":"","format":"standard","meta":{"footnotes":""},"categories":[1],"tags":[],"class_list":["post-57554","post","type-post","status-publish","format-standard","has-post-thumbnail","hentry","category-cronica"],"_links":{"self":[{"href":"https:\/\/www.radiopresidenteibanez.cl\/web\/wp-json\/wp\/v2\/posts\/57554","targetHints":{"allow":["GET"]}}],"collection":[{"href":"https:\/\/www.radiopresidenteibanez.cl\/web\/wp-json\/wp\/v2\/posts"}],"about":[{"href":"https:\/\/www.radiopresidenteibanez.cl\/web\/wp-json\/wp\/v2\/types\/post"}],"author":[{"embeddable":true,"href":"https:\/\/www.radiopresidenteibanez.cl\/web\/wp-json\/wp\/v2\/users\/2"}],"replies":[{"embeddable":true,"href":"https:\/\/www.radiopresidenteibanez.cl\/web\/wp-json\/wp\/v2\/comments?post=57554"}],"version-history":[{"count":0,"href":"https:\/\/www.radiopresidenteibanez.cl\/web\/wp-json\/wp\/v2\/posts\/57554\/revisions"}],"wp:featuredmedia":[{"embeddable":true,"href":"https:\/\/www.radiopresidenteibanez.cl\/web\/wp-json\/wp\/v2\/media\/57555"}],"wp:attachment":[{"href":"https:\/\/www.radiopresidenteibanez.cl\/web\/wp-json\/wp\/v2\/media?parent=57554"}],"wp:term":[{"taxonomy":"category","embeddable":true,"href":"https:\/\/www.radiopresidenteibanez.cl\/web\/wp-json\/wp\/v2\/categories?post=57554"},{"taxonomy":"post_tag","embeddable":true,"href":"https:\/\/www.radiopresidenteibanez.cl\/web\/wp-json\/wp\/v2\/tags?post=57554"}],"curies":[{"name":"wp","href":"https:\/\/api.w.org\/{rel}","templated":true}]}}