{"id":57551,"date":"2025-07-10T17:46:00","date_gmt":"2025-07-10T20:46:00","guid":{"rendered":"https:\/\/www.radiopresidenteibanez.cl\/web\/?p=57551"},"modified":"2025-07-10T15:48:11","modified_gmt":"2025-07-10T18:48:11","slug":"aniversario-n58-de-villa-tehuelches-una-celebracion-con-historia-musica-y-reconocimientos","status":"publish","type":"post","link":"https:\/\/www.radiopresidenteibanez.cl\/web\/aniversario-n58-de-villa-tehuelches-una-celebracion-con-historia-musica-y-reconocimientos\/","title":{"rendered":"Aniversario N\u00b058 de Villa Tehuelches: Una Celebraci\u00f3n con Historia, M\u00fasica y Reconocimientos"},"content":{"rendered":"\n<p>Con motivo de celebrar los 58 a\u00f1os de Villa Tehuelches,<br>la Ilustre Municipalidad de Laguna Blanca organiz\u00f3 ayer un programa de actividades que<br>incluy\u00f3 una misa en la capilla municipal y una emotiva ceremonia que, llen\u00f3 de alegr\u00eda y<br>orgullo el Gimnasio Municipal, ambas instancias reuniendo a autoridades y vecinos de la<br>Comuna.<br>La conmemoraci\u00f3n dio inicio cerca de las 14:00 horas con una misa en la capilla municipal,<br>oficiada por el Padre Pablo Vargas, donde la comunidad se uni\u00f3 en un momento de<br>reflexi\u00f3n. Posteriormente, el Gimnasio Municipal fue el escenario de la ceremonia oficial.<br>El evento comenz\u00f3 con el solemne Himno Nacional, seguido de las palabras del alcalde<br>subrogante, Ren\u00e9 Villegas Barr\u00eda, quien transmiti\u00f3 los saludos del alcalde titular, Fernando<br>Ojeda.<br>\u201cHoy d\u00eda tuvimos el acto oficial en que conmemoramos el 58 aniversario de la fundaci\u00f3n de<br>Villa Tehuelches, capital comunal de Laguna Blanca, donde nos acompa\u00f1aron vecinos y<br>autoridades. Aprovecho esta oportunidad para entregar un saludo de nuestro alcalde<br>titular. Estamos contentos y con muchos proyectos nuevos por hacer para que esta villa y<br>la comuna cada d\u00eda sea m\u00e1s grande. Hoy en el acto oficial hicimos reconocimientos a<br>algunas personas destacadas de nuestra de nuestra capital comunal, como tambi\u00e9n a<br>organizaciones comunitarias que est\u00e1n trabajando activa y fuertemente por el desarrollo<br>de nuestra comuna\u201d, afirm\u00f3 el alcalde (s), Ren\u00e9 Villegas, destacando el esp\u00edritu de<br>crecimiento y colaboraci\u00f3n.<br>La jornada continu\u00f3 con la fascinante presentaci\u00f3n del Proyecto Rostros y Memorias Laguna<br>Blanca, a cargo del artista visual y fot\u00f3grafo cultural Alex Garc\u00eda, que transport\u00f3 a los<br>asistentes a trav\u00e9s de la historia local. La m\u00fasica tambi\u00e9n fue protagonista con la emotiva<br>presentaci\u00f3n del cantautor magall\u00e1nico Julio Argentino D\u00edaz, que deleit\u00f3 a la audiencia con<br>su talento.<br>Uno de los momentos m\u00e1s esperados fue la entrega de reconocimientos a residentes y<br>organizaciones que han dejado una huella imborrable en la comunidad. Entre los<br>distinguidos se encontraban el funcionario municipal \u00c1ngel Morales, la Cooperativa Cacique<\/p>\n\n\n\n<p>COMUNICADO DE PRENSA<\/p>\n\n\n\n<p>Mulato \u2013 reconocimiento recibido por su presidente, Luis Torres \u2013, el profesor de la Escuela<br>Diego Portales, Omar Pe\u00f1a, y el periodista Danilo Villegas, cuyo reconocimiento fue recibido<br>por su padre, el alcalde subrogante Ren\u00e9 Villegas.<br>Para cerrar la jornada, la agrupaci\u00f3n folkl\u00f3rica Esencias De Mi Tierra, brind\u00f3 un espect\u00e1culo<br>art\u00edstico deslumbrante, llenando el gimnasio de alegr\u00eda y tradici\u00f3n. Adem\u00e1s, se reconoci\u00f3 la<br>invaluable labor de cinco organizaciones que trabajan activamente por el bienestar de<br>Laguna Blanca: la Junta de Vecinos Sector Sur N\u00b01 Villa Tehuelches, la Novena Compa\u00f1\u00eda<br>\u00abBomba Laguna Blanca\u201d, el Centro de Padres y Apoderados Escuela Diego Portales, el Club<br>de Rodeo Laguna Blanca, y el Comit\u00e9 de Agua Potable Rural de Villa Tehuelches.<br>Vecinos reconocidos<br>El profesor Omar Pe\u00f1a, reconocido por sus 42 a\u00f1os de servicio en la Escuela Diego Portales<br>de Villa Tehuelches, expres\u00f3 su gratitud por el reconocimiento. \u201cEs un sentimiento grato,<br>ya son 42 a\u00f1os. Yo llegu\u00e9 de la Serena, mi se\u00f1ora es de ac\u00e1. En ese momento, llegu\u00e9 con<br>una maleta y con una caja, para el tema cient\u00edfico, pero hab\u00eda una caja y una maleta que<br>nadie envi\u00f3, que la ve\u00eda yo nom\u00e1s, que era una caja y maleta llena de esperanza y llena de<br>fe que llegaba a una tierra nueva y que me iba a ir bien. Dios lo vio, me escuch\u00f3 y me ha ido<br>bien, as\u00ed que estoy feliz. Hice familia ac\u00e1, tengo dos hijos, nietos, as\u00ed que agradecido de esta<br>tierra y por supuesto de la gente. He tenido distintos cargos ac\u00e1 en la comuna, fui concejal,<br>presidente de la Junta de Vecinos, presidente del Centro de Padres, me he integrado a la<br>comunidad, por eso, este reconocimiento lo tomo con mucha humildad\u201d.<br>Rosa Ag\u00fcero, presidenta de la Junta de Vecinos N\u00b01 de Villa Tehuelches, manifest\u00f3 su<br>orgullo por ser parte de la comunidad y celebrar el aniversario. \u201cMuy orgullosa de ser parte<br>de esta comunidad. Mis padres son pioneros ac\u00e1 de Cacique Mulato. Content\u00edsima de<br>celebrar los 58 a\u00f1os de Villa Tehuelches, y feliz de estar ac\u00e1 con los vecinos, de compartir y<br>esperar que el Se\u00f1or nos siga dando m\u00e1s vida, para poder seguir disfrutando de la comuna<br>de Villa Tehuelches\u201d.<br>Luis Torres D\u00edaz, presidente de la Cooperativa Cacique Mulato, comparti\u00f3 su emoci\u00f3n por<br>el reconocimiento a la cooperativa y la oportunidad de recordar la historia de la villa a trav\u00e9s<br>de fotograf\u00edas antiguas. \u201cMuy emocionado, muy feliz y orgulloso. Toda mi vida he vivido ac\u00e1<br>en Villa Tehuelches. Esta exposici\u00f3n que tambi\u00e9n fue parte de este aniversario de Villa<br>Tehuelches, fue muy emocionante porque fue un recuerdo que retrocedimos a la \u00e9poca de<br>que estaban nuestros padres que aparec\u00edan en estas fotos antiguas. As\u00ed que bueno, muy<br>feliz y muy contentos por esto\u201d.<\/p>\n","protected":false},"excerpt":{"rendered":"<p>Con motivo de celebrar los 58 a\u00f1os de Villa Tehuelches,la Ilustre Municipalidad de Laguna Blanca organiz\u00f3 ayer un programa de actividades queincluy\u00f3 una misa en la capilla municipal y una&#8230; <a class=\"read-more\" href=\"https:\/\/www.radiopresidenteibanez.cl\/web\/aniversario-n58-de-villa-tehuelches-una-celebracion-con-historia-musica-y-reconocimientos\/\">Leer m\u00e1s<\/a><\/p>\n","protected":false},"author":2,"featured_media":57552,"comment_status":"closed","ping_status":"closed","sticky":false,"template":"","format":"standard","meta":{"footnotes":""},"categories":[1],"tags":[],"class_list":["post-57551","post","type-post","status-publish","format-standard","has-post-thumbnail","hentry","category-cronica"],"_links":{"self":[{"href":"https:\/\/www.radiopresidenteibanez.cl\/web\/wp-json\/wp\/v2\/posts\/57551","targetHints":{"allow":["GET"]}}],"collection":[{"href":"https:\/\/www.radiopresidenteibanez.cl\/web\/wp-json\/wp\/v2\/posts"}],"about":[{"href":"https:\/\/www.radiopresidenteibanez.cl\/web\/wp-json\/wp\/v2\/types\/post"}],"author":[{"embeddable":true,"href":"https:\/\/www.radiopresidenteibanez.cl\/web\/wp-json\/wp\/v2\/users\/2"}],"replies":[{"embeddable":true,"href":"https:\/\/www.radiopresidenteibanez.cl\/web\/wp-json\/wp\/v2\/comments?post=57551"}],"version-history":[{"count":0,"href":"https:\/\/www.radiopresidenteibanez.cl\/web\/wp-json\/wp\/v2\/posts\/57551\/revisions"}],"wp:featuredmedia":[{"embeddable":true,"href":"https:\/\/www.radiopresidenteibanez.cl\/web\/wp-json\/wp\/v2\/media\/57552"}],"wp:attachment":[{"href":"https:\/\/www.radiopresidenteibanez.cl\/web\/wp-json\/wp\/v2\/media?parent=57551"}],"wp:term":[{"taxonomy":"category","embeddable":true,"href":"https:\/\/www.radiopresidenteibanez.cl\/web\/wp-json\/wp\/v2\/categories?post=57551"},{"taxonomy":"post_tag","embeddable":true,"href":"https:\/\/www.radiopresidenteibanez.cl\/web\/wp-json\/wp\/v2\/tags?post=57551"}],"curies":[{"name":"wp","href":"https:\/\/api.w.org\/{rel}","templated":true}]}}