{"id":57548,"date":"2025-07-10T15:24:52","date_gmt":"2025-07-10T18:24:52","guid":{"rendered":"https:\/\/www.radiopresidenteibanez.cl\/web\/?p=57548"},"modified":"2025-07-10T15:25:25","modified_gmt":"2025-07-10T18:25:25","slug":"declaracion-publica-sindicato-trabajadores-fide-xii","status":"publish","type":"post","link":"https:\/\/www.radiopresidenteibanez.cl\/web\/declaracion-publica-sindicato-trabajadores-fide-xii\/","title":{"rendered":"DECLARACION PUBLICA SINDICATO TRABAJADORES FIDE XII"},"content":{"rendered":"\n<p>Nos gustar\u00eda su ayuda para transmitir ya que nuevamente contamos con el dilema por la<br>Fundaci\u00f3n Fide XII por el no pago de nuestros sueldos, imposiciones y retenci\u00f3n de<br>impuestos de honorarios. Esta lamentable situaci\u00f3n continua y las jefaturas no dan<br>respuestas claras. Se han colocado las denuncias a la inspecci\u00f3n del trabajo y lo \u00fanico que<br>se logra son multas y plazos para pago.<br>Nadie ampara a los trabajadores y realmente es una burla, el martes se nos cit\u00f3 a una<br>reuni\u00f3n la cual la directora ejecutiva Pamela Chac\u00f3n nos dijo que no hay fondos y la<br>soluci\u00f3n m\u00e1s viable era denunciar o renunciar por qu\u00e9 el sueldo de junio se pagar\u00eda reci\u00e9n<br>el d\u00eda 26 de julio Y que si no cumplimos con nuestras obligaciones se nos despedir\u00e1 por<br>incumplimiento de contrato. En nuestro establecimiento trabajamos con personas<br>mayores lo cual es muy dif\u00edcil por \u00e9tica, moral y cari\u00f1o a los hermanos mayores dejarlos<br>desamparados y la fundaci\u00f3n aprovecha esta situaci\u00f3n.<br>En la reuni\u00f3n se lleg\u00f3 a un acuerdo m\u00e1s \u201cjusto\u201d en el cual el martes con fecha 08\/07\/2025<br>se pagar\u00eda el 50% de los sueldos y tendr\u00edamos una jornada parcial para no afectar el<br>funcionamiento de la casa del Samaritano, pero nuevamente no se cumpli\u00f3 con el pago en<br>la fecha estipulada. Hoy en d\u00eda no hay respuestas, justificaciones ni pagos.<br>Sabemos la mala situaci\u00f3n econ\u00f3mica de la fundaci\u00f3n que no cumple con los plazos<br>muchas denuncias y reclamos de todos sus trabajadores de todos los centros, as\u00ed como<br>deben finiquitos de los proyectos cerrados, como trabajadores no sabemos que hacer ni a<br>quien recurrir.<br>Estas situaciones llevan m\u00e1s de un a\u00f1o y nadie hace nada<br>El desgaste psicol\u00f3gico y f\u00edsico de nosotros de llegar a fin de mes es agotador nunca<br>sabemos con certeza si nos pagar\u00e1n o tendremos que esperar, la mayor\u00eda de los que<br>trabajan son personas j\u00f3venes, con hijos, arriendo, cuentas y no sabemos que decirles a<br>nuestras familias, no podemos decir la fundaci\u00f3n para quien trabajo no tiene dinero,<br>adem\u00e1s todos trabajamos por un sueldo para poder sustentarnos.<br>En conjunto a esto, por los m\u00faltiples d\u00e9ficits en distintas \u00e1reas como enfermer\u00eda, aseo,<br>cocina, mantenimiento del hogar y movilizaci\u00f3n no es posible brindar todos los cuidados<br>que requieren nuestras personas mayores debido que hay falta de insumos, alimentos y la<br>fundaci\u00f3n no ha costeado nada de esto en los \u00faltimos meses y todo ha sido en base a<br>donaciones. En cuanto a movilizaci\u00f3n se nos suspende convenio con radio taxi por no<\/p>\n\n\n\n<p>pago de este, perdiendo horas m\u00e9dicas y con otros profesionales, por lo que nuestros<br>residentes se molestan y los trabajadores llevamos el mal rato e incluso insultos.<br>Actualmente contamos con 32 trabajadores, 18 trabajadores contratados y 14<br>trabajadores a honorarios, los cuales nos encontramos en iguales condiciones, esperando<br>los correspondientes pagos.<br>Obispado esperamos su respuesta haci\u00e9ndose cargo de la situaci\u00f3n que se presenta con<br>los trabajadores.<\/p>\n","protected":false},"excerpt":{"rendered":"<p>Nos gustar\u00eda su ayuda para transmitir ya que nuevamente contamos con el dilema por laFundaci\u00f3n Fide XII por el no pago de nuestros sueldos, imposiciones y retenci\u00f3n deimpuestos de honorarios&#8230;. <a class=\"read-more\" href=\"https:\/\/www.radiopresidenteibanez.cl\/web\/declaracion-publica-sindicato-trabajadores-fide-xii\/\">Leer m\u00e1s<\/a><\/p>\n","protected":false},"author":2,"featured_media":57549,"comment_status":"closed","ping_status":"closed","sticky":false,"template":"","format":"standard","meta":{"footnotes":""},"categories":[1],"tags":[],"class_list":["post-57548","post","type-post","status-publish","format-standard","has-post-thumbnail","hentry","category-cronica"],"_links":{"self":[{"href":"https:\/\/www.radiopresidenteibanez.cl\/web\/wp-json\/wp\/v2\/posts\/57548","targetHints":{"allow":["GET"]}}],"collection":[{"href":"https:\/\/www.radiopresidenteibanez.cl\/web\/wp-json\/wp\/v2\/posts"}],"about":[{"href":"https:\/\/www.radiopresidenteibanez.cl\/web\/wp-json\/wp\/v2\/types\/post"}],"author":[{"embeddable":true,"href":"https:\/\/www.radiopresidenteibanez.cl\/web\/wp-json\/wp\/v2\/users\/2"}],"replies":[{"embeddable":true,"href":"https:\/\/www.radiopresidenteibanez.cl\/web\/wp-json\/wp\/v2\/comments?post=57548"}],"version-history":[{"count":0,"href":"https:\/\/www.radiopresidenteibanez.cl\/web\/wp-json\/wp\/v2\/posts\/57548\/revisions"}],"wp:featuredmedia":[{"embeddable":true,"href":"https:\/\/www.radiopresidenteibanez.cl\/web\/wp-json\/wp\/v2\/media\/57549"}],"wp:attachment":[{"href":"https:\/\/www.radiopresidenteibanez.cl\/web\/wp-json\/wp\/v2\/media?parent=57548"}],"wp:term":[{"taxonomy":"category","embeddable":true,"href":"https:\/\/www.radiopresidenteibanez.cl\/web\/wp-json\/wp\/v2\/categories?post=57548"},{"taxonomy":"post_tag","embeddable":true,"href":"https:\/\/www.radiopresidenteibanez.cl\/web\/wp-json\/wp\/v2\/tags?post=57548"}],"curies":[{"name":"wp","href":"https:\/\/api.w.org\/{rel}","templated":true}]}}