{"id":57544,"date":"2025-07-10T16:29:00","date_gmt":"2025-07-10T19:29:00","guid":{"rendered":"https:\/\/www.radiopresidenteibanez.cl\/web\/?p=57544"},"modified":"2025-07-10T11:38:08","modified_gmt":"2025-07-10T14:38:08","slug":"hyst-invita-a-ninos-y-ninas-a-descubrir-torres-del-paine","status":"publish","type":"post","link":"https:\/\/www.radiopresidenteibanez.cl\/web\/hyst-invita-a-ninos-y-ninas-a-descubrir-torres-del-paine\/","title":{"rendered":"HYST invita a ni\u00f1os y ni\u00f1as a descubrir Torres del Paine"},"content":{"rendered":"\n<p>La Asociaci\u00f3n de Hoteles y Servicios Tur\u00edsticos de Torres del Paine, HYST,<br>anunci\u00f3 el lanzamiento de un proyecto audiovisual educativo que busca acercar a los ni\u00f1os y ni\u00f1as<br>en edad preescolar a la historia, cultura y belleza del Parque Nacional Torres del Paine.<br>La iniciativa se trata de 8 c\u00e1psulas audiovisuales protagonizadas por Hyso e Hysa, dos personajes<br>que forman parte del imaginario de HYST, quienes invitan a descubrir de forma entretenida y<br>did\u00e1ctica distintos aspectos del Parque Nacional, sus paisajes, fauna, historia y relevancia para la<br>regi\u00f3n de Magallanes y Chile.<br>El proyecto fue posible gracias al financiamiento de la Ilustre Municipalidad de Torres del Paine, a<br>trav\u00e9s de un aporte aprobado por el concejo municipal, lo que permite poner a disposici\u00f3n este<br>valioso material en las redes sociales de HYST, con libre acceso para familias, jardines infantiles y<br>establecimientos educacionales.<br>\u201cEstamos muy contentos con este proyecto que hemos impulsado a trav\u00e9s de la Ilustre<br>Municipalidad de Torres del Paine, en donde queremos mostrar, cap\u00edtulo a cap\u00edtulo, distintas<br>historias que nos cuentan Hyso e Hysa. Creemos que es importante que todo ni\u00f1o en edad<br>preescolar pueda empaparse de la cultura, conocer sobre el parque y su regi\u00f3n. Invitamos a todos<br>a estar atentos a estas aventuras que estar\u00e1n disponibles pr\u00f3ximamente en nuestras redes<br>sociales. Adem\u00e1s, esperamos poder gestionar un convenio con el Ministerio de Educaci\u00f3n que nos<br>permita extender este contenido a toda la Regi\u00f3n de Magallanes\u201d, coment\u00f3 Sara Adema, gerente<br>de la Asociaci\u00f3n de Hoteles y Servicios Tur\u00edsticos de Torres del Paine.<br>Anah\u00ed C\u00e1rdenas, alcaldesa de la comuna de Torres del Paine, destac\u00f3 el valor de esta iniciativa. \u201cEl<br>concejo municipal en su \u00faltima sesi\u00f3n aprob\u00f3 la entrega de un aporte financiero a HYST, que,<br>como toda agrupaci\u00f3n constituida en nuestra comuna, tiene nuestro respaldo para desarrollar<br>proyectos que beneficien a la comunidad. Estas c\u00e1psulas audiovisuales educativas permitir\u00e1n que<br>ni\u00f1os y ni\u00f1as de nuestro pa\u00eds conozcan, de forma sencilla y atractiva, la riqueza natural y cultural<br>del Parque Nacional Torres del Paine\u201d.<br>Con este proyecto, HYST reafirma su compromiso con la educaci\u00f3n temprana, la identidad regional<br>y la valoraci\u00f3n del patrimonio natural y cultural de la Patagonia. A trav\u00e9s de estas c\u00e1psulas, no solo<br>se busca acercar contenidos relevantes de forma amigable y entretenida a los m\u00e1s peque\u00f1os, sino<br>tambi\u00e9n fomentar desde la primera infancia el amor por la naturaleza, el respeto por el entorno y<br>el sentido de pertenencia con uno de los lugares m\u00e1s ic\u00f3nicos de Chile. La asociaci\u00f3n espera que<br>este sea solo el inicio de una serie de iniciativas que promuevan el conocimiento del Parque<\/p>\n\n\n\n<p>Nacional Torres del Paine y de su importancia a nivel local, nacional y mundial, posicion\u00e1ndolo<br>como un aula viva para las nuevas generaciones.<\/p>\n","protected":false},"excerpt":{"rendered":"<p>La Asociaci\u00f3n de Hoteles y Servicios Tur\u00edsticos de Torres del Paine, HYST,anunci\u00f3 el lanzamiento de un proyecto audiovisual educativo que busca acercar a los ni\u00f1os y ni\u00f1asen edad preescolar a&#8230; <a class=\"read-more\" href=\"https:\/\/www.radiopresidenteibanez.cl\/web\/hyst-invita-a-ninos-y-ninas-a-descubrir-torres-del-paine\/\">Leer m\u00e1s<\/a><\/p>\n","protected":false},"author":2,"featured_media":57545,"comment_status":"closed","ping_status":"closed","sticky":false,"template":"","format":"standard","meta":{"footnotes":""},"categories":[1],"tags":[],"class_list":["post-57544","post","type-post","status-publish","format-standard","has-post-thumbnail","hentry","category-cronica"],"_links":{"self":[{"href":"https:\/\/www.radiopresidenteibanez.cl\/web\/wp-json\/wp\/v2\/posts\/57544","targetHints":{"allow":["GET"]}}],"collection":[{"href":"https:\/\/www.radiopresidenteibanez.cl\/web\/wp-json\/wp\/v2\/posts"}],"about":[{"href":"https:\/\/www.radiopresidenteibanez.cl\/web\/wp-json\/wp\/v2\/types\/post"}],"author":[{"embeddable":true,"href":"https:\/\/www.radiopresidenteibanez.cl\/web\/wp-json\/wp\/v2\/users\/2"}],"replies":[{"embeddable":true,"href":"https:\/\/www.radiopresidenteibanez.cl\/web\/wp-json\/wp\/v2\/comments?post=57544"}],"version-history":[{"count":0,"href":"https:\/\/www.radiopresidenteibanez.cl\/web\/wp-json\/wp\/v2\/posts\/57544\/revisions"}],"wp:featuredmedia":[{"embeddable":true,"href":"https:\/\/www.radiopresidenteibanez.cl\/web\/wp-json\/wp\/v2\/media\/57545"}],"wp:attachment":[{"href":"https:\/\/www.radiopresidenteibanez.cl\/web\/wp-json\/wp\/v2\/media?parent=57544"}],"wp:term":[{"taxonomy":"category","embeddable":true,"href":"https:\/\/www.radiopresidenteibanez.cl\/web\/wp-json\/wp\/v2\/categories?post=57544"},{"taxonomy":"post_tag","embeddable":true,"href":"https:\/\/www.radiopresidenteibanez.cl\/web\/wp-json\/wp\/v2\/tags?post=57544"}],"curies":[{"name":"wp","href":"https:\/\/api.w.org\/{rel}","templated":true}]}}