{"id":57541,"date":"2025-07-10T15:24:00","date_gmt":"2025-07-10T18:24:00","guid":{"rendered":"https:\/\/www.radiopresidenteibanez.cl\/web\/?p=57541"},"modified":"2025-07-10T11:00:18","modified_gmt":"2025-07-10T14:00:18","slug":"delegacion-presidencial-de-ultima-esperanza-destaca-operativo-de-fiscalizacion-intersectorial-en-el-centro-de-puerto-natales","status":"publish","type":"post","link":"https:\/\/www.radiopresidenteibanez.cl\/web\/delegacion-presidencial-de-ultima-esperanza-destaca-operativo-de-fiscalizacion-intersectorial-en-el-centro-de-puerto-natales\/","title":{"rendered":"DELEGACI\u00d3N PRESIDENCIAL DE \u00daLTIMA ESPERANZA DESTACA OPERATIVO DE FISCALIZACI\u00d3N INTERSECTORIAL EN EL CENTRO DE PUERTO NATALES"},"content":{"rendered":"\n<p><br>Reafirmando el compromiso del Gobierno del Presidente Gabriel Boric con el resguardo de la ciudadan\u00eda y la seguridad p\u00fablica, este mi\u00e9rcoles se realiz\u00f3 un operativo de fiscalizaci\u00f3n en el centro de Puerto Natales, liderado por la Seremi de Seguridad P\u00fablica, Carla Barrientos, y el Delegado Presidencial Provincial de \u00daltima Esperanza, Guillermo Ruiz Santana.<\/p>\n\n\n\n<p>La actividad cont\u00f3 con la participaci\u00f3n de Carabineros de la Segunda Comisar\u00eda, la Polic\u00eda de Investigaciones y la Unidad de Seguridad Municipal, quienes realizaron controles vehiculares, fiscalizaci\u00f3n de documentaci\u00f3n, controles de identidad y fiscalizaciones en locales comerciales.<\/p>\n\n\n\n<p>\u201cComo parte de los compromisos que tenemos como Gobierno con la seguridad p\u00fablica y en el contexto del comit\u00e9 policial que se realiza de manera peri\u00f3dica con la presencia de la Seremi de Seguridad P\u00fablica, estamos llevando adelante esta fiscalizaci\u00f3n en el centro de Puerto Natales, con presencia de Carabineros y de la Polic\u00eda de Investigaciones. Se est\u00e1n efectuando controles de tr\u00e1nsito, de identidad y de documentaci\u00f3n, reiterando nuestra preocupaci\u00f3n por mantener una ciudad tranquila, amigable y segura, tanto para quienes viven aqu\u00ed como para quienes nos visitan\u201d, se\u00f1al\u00f3 el Delegado Guillermo Ruiz Santana.<\/p>\n\n\n\n<p>Por su parte, la Seremi de Seguridad P\u00fablica, Carla Barrientos, destac\u00f3 que este tipo de intervenciones responden a los acuerdos del comit\u00e9 policial provincial. \u201cHoy nos encontramos en la comuna de Natales realizando una fiscalizaci\u00f3n que se enmarca dentro de los compromisos asumidos en el comit\u00e9 policial provincial. Participan Carabineros, la Polic\u00eda de Investigaciones, la Delegaci\u00f3n Presidencial Provincial y tambi\u00e9n la Municipalidad de Natales, ejecutando controles vehiculares, controles de identidad y fiscalizaciones en barber\u00edas, con el objetivo de reforzar la seguridad de las y los vecinos de esta comuna\u201d.<\/p>\n\n\n\n<p>Estas acciones interinstitucionales son parte del trabajo coordinado que impulsa el Gobierno en todo el pa\u00eds para fortalecer la presencia del Estado en los territorios, prevenir delitos y brindar mayor tranquilidad a las comunidades.<\/p>\n","protected":false},"excerpt":{"rendered":"<p>Reafirmando el compromiso del Gobierno del Presidente Gabriel Boric con el resguardo de la ciudadan\u00eda y la seguridad p\u00fablica, este mi\u00e9rcoles se realiz\u00f3 un operativo de fiscalizaci\u00f3n en el centro&#8230; <a class=\"read-more\" href=\"https:\/\/www.radiopresidenteibanez.cl\/web\/delegacion-presidencial-de-ultima-esperanza-destaca-operativo-de-fiscalizacion-intersectorial-en-el-centro-de-puerto-natales\/\">Leer m\u00e1s<\/a><\/p>\n","protected":false},"author":2,"featured_media":57542,"comment_status":"closed","ping_status":"closed","sticky":false,"template":"","format":"standard","meta":{"footnotes":""},"categories":[1],"tags":[],"class_list":["post-57541","post","type-post","status-publish","format-standard","has-post-thumbnail","hentry","category-cronica"],"_links":{"self":[{"href":"https:\/\/www.radiopresidenteibanez.cl\/web\/wp-json\/wp\/v2\/posts\/57541","targetHints":{"allow":["GET"]}}],"collection":[{"href":"https:\/\/www.radiopresidenteibanez.cl\/web\/wp-json\/wp\/v2\/posts"}],"about":[{"href":"https:\/\/www.radiopresidenteibanez.cl\/web\/wp-json\/wp\/v2\/types\/post"}],"author":[{"embeddable":true,"href":"https:\/\/www.radiopresidenteibanez.cl\/web\/wp-json\/wp\/v2\/users\/2"}],"replies":[{"embeddable":true,"href":"https:\/\/www.radiopresidenteibanez.cl\/web\/wp-json\/wp\/v2\/comments?post=57541"}],"version-history":[{"count":0,"href":"https:\/\/www.radiopresidenteibanez.cl\/web\/wp-json\/wp\/v2\/posts\/57541\/revisions"}],"wp:featuredmedia":[{"embeddable":true,"href":"https:\/\/www.radiopresidenteibanez.cl\/web\/wp-json\/wp\/v2\/media\/57542"}],"wp:attachment":[{"href":"https:\/\/www.radiopresidenteibanez.cl\/web\/wp-json\/wp\/v2\/media?parent=57541"}],"wp:term":[{"taxonomy":"category","embeddable":true,"href":"https:\/\/www.radiopresidenteibanez.cl\/web\/wp-json\/wp\/v2\/categories?post=57541"},{"taxonomy":"post_tag","embeddable":true,"href":"https:\/\/www.radiopresidenteibanez.cl\/web\/wp-json\/wp\/v2\/tags?post=57541"}],"curies":[{"name":"wp","href":"https:\/\/api.w.org\/{rel}","templated":true}]}}