{"id":57532,"date":"2025-07-10T10:39:00","date_gmt":"2025-07-10T13:39:00","guid":{"rendered":"https:\/\/www.radiopresidenteibanez.cl\/web\/?p=57532"},"modified":"2025-07-10T09:34:43","modified_gmt":"2025-07-10T12:34:43","slug":"avances-en-agricultura-sostenible-y-juventudes-rurales-destacan-en-la-cuenta-publica-de-indap","status":"publish","type":"post","link":"https:\/\/www.radiopresidenteibanez.cl\/web\/avances-en-agricultura-sostenible-y-juventudes-rurales-destacan-en-la-cuenta-publica-de-indap\/","title":{"rendered":"Avances en agricultura sostenible y\u00a0juventudes rurales destacan en\u00a0la\u00a0Cuenta P\u00fablica de INDAP"},"content":{"rendered":"\n<p>Importantes avances hacia&nbsp;una agricultura m\u00e1s sostenible&nbsp;y resiliente&nbsp;para adaptarse a los efectos del cambio clim\u00e1tico, junto con pol\u00edticas de impulso a las juventudes rurales en pos de renovar el capital humano en los campos y dinamizar las econom\u00edas locales para garantizar la seguridad&nbsp;y la soberan\u00eda&nbsp;alimentaria, dio a conocer el director nacional del Instituto de Desarrollo Agropecuario (INDAP), Santiago Rojas, en la Cuenta P\u00fablica Participativa&nbsp;2025&nbsp;del servicio del agro.<\/p>\n\n\n\n<p>Rojas&nbsp;hizo&nbsp;una revisi\u00f3n de los logros&nbsp;alcanzados&nbsp;por la instituci\u00f3n&nbsp;en una ceremonia&nbsp;que se realiz\u00f3 en la Escuela Agr\u00edcola Salesiana de Catemu, regi\u00f3n de Valpara\u00edso, donde&nbsp;participaron&nbsp;el gobernador&nbsp;regional,&nbsp;Rodrigo Mundaca; el alcalde local,&nbsp;Rodrigo D\u00edaz;&nbsp;dirigentes de organizaciones campesinas,&nbsp;y otras autoridades, adem\u00e1s de,&nbsp;agricultores y agricultoras de la zona.<\/p>\n\n\n\n<p>El director nacional de INDAP&nbsp;inform\u00f3 que el a\u00f1o pasado se ejecut\u00f3 un presupuesto de&nbsp;$392.197&nbsp;millones&nbsp;(98,8%)&nbsp;que permiti\u00f3&nbsp;apoyar&nbsp;a&nbsp;m\u00e1s&nbsp;166 mil&nbsp;productores&nbsp;rurales: 84.013 hombres, 78.594&nbsp;mujeres, 16.473 j\u00f3venes y 570 empresas campesinas.&nbsp;Entre 2022 y 2025,&nbsp;el presupuesto&nbsp;creci\u00f3 un&nbsp;21%&nbsp;y los recursos para inversiones, cr\u00e9ditos&nbsp;y asesor\u00eda, un&nbsp;22%. \u201cEsto es&nbsp;una&nbsp;se\u00f1al de que como gobierno decidimos invertir m\u00e1s para avanzar hacia un campo m\u00e1s justo y con oportunidades reales\u201d, dijo.<\/p>\n\n\n\n<p>A\u00f1adi\u00f3 que, con el objetivo de tener&nbsp;una instituci\u00f3n conectada con los territorios, las personas y los desaf\u00edos de este siglo, se cre\u00f3 la Estrategia INDAP 2023-2030, una hoja de ruta con cuatro ejes que hoy marcan el quehacer de la instituci\u00f3n: Agricultura Sostenible y Resiliente, Mercados Inclusivos, Transformaci\u00f3n Participativa y Asociativa, y Fortalecimiento y Modernizaci\u00f3n de INDAP.<\/p>\n\n\n\n<p><strong>Producir m\u00e1s y mejor<\/strong><\/p>\n\n\n\n<p>Con el norte de&nbsp;producir m\u00e1s y mejor con menos impacto ambiental,&nbsp;destac\u00f3&nbsp;la&nbsp;implementaci\u00f3n&nbsp;del Programa de Transici\u00f3n a la Agricultura Sostenible (TAS), ejecutado junto a INIA y presente hoy en todo Chile, donde entre 2023 y este a\u00f1o 1.002 participantes (70% de mujeres y 23% de j\u00f3venes) se capacitaron y recibieron&nbsp;recursos&nbsp;para incorporar riego tecnificado, cercos verdes, compostaje&nbsp;y&nbsp;bioinsumos, entre otros, con una inversi\u00f3n total de $5.265&nbsp;millones.<\/p>\n\n\n\n<p>Tambi\u00e9n&nbsp;cit\u00f3&nbsp;la&nbsp;formaci\u00f3n&nbsp;de&nbsp;la Red Nacional de Sostenibilidad y Transici\u00f3n a la Agroecolog\u00eda,&nbsp;con 16 equipos regionales que impulsan planes que combinan la conservaci\u00f3n de la biodiversidad y la recuperaci\u00f3n de conocimientos tradicionales; y la implementaci\u00f3n \u2013hasta ahora\u2013 de 175 faros agroecol\u00f3gicos en 6 regiones, que son predios demostrativos donde los agricultores y agricultoras comparten&nbsp;sus&nbsp;experiencias productivas y manejos sostenibles para enfrentar la crisis clim\u00e1tica.<\/p>\n\n\n\n<p>Adem\u00e1s,&nbsp;entre 2022 y 2024&nbsp;se invirtieron $52&nbsp;mil millones en&nbsp;el trabajo sostenible&nbsp;de 300 mil hect\u00e1reas de suelos y praderas;&nbsp;en el mismo per\u00edodo se financiaron 17 mil proyectos de riego \u2013998 con energ\u00eda fotovoltaica\u2013,&nbsp;con una inversi\u00f3n hist\u00f3rica de $92 mil&nbsp;millones; y&nbsp;se cre\u00f3 en Programa de Cultivos Tradicionales, con 1.605 productores y productoras de&nbsp;cereales, leguminosas y papas&nbsp;cuya inversi\u00f3n desde su creaci\u00f3n en 2023 sum\u00f3 m\u00e1s de $16 mil millones.&nbsp;<\/p>\n\n\n\n<p>En materia de cr\u00e9dito, Rojas dijo que entre 2022 y este a\u00f1o aument\u00f3 el presupuesto para este \u00edtem en 37% respecto del per\u00edodo 2018-2021, pasando de $324 mil millones a $445 mil millones. Este a\u00f1o, el presupuesto para cr\u00e9ditos es de $134 mil millones, el m\u00e1s alto de la \u00faltima d\u00e9cada.&nbsp;Esto se complementa con el sistema Mi Pago INDAP, que permite al campesinado pagar sus cuotas desde el celular: m\u00e1s de 11.700 transacciones digitales&nbsp;realizadas&nbsp;solo en 2024.<\/p>\n\n\n\n<p><strong>Las nuevas generaciones<\/strong><\/p>\n\n\n\n<p>En la agenda de j\u00f3venes resalt\u00f3&nbsp;la creaci\u00f3n de&nbsp;Mi Primer Negocio Rural,&nbsp;cuya fase piloto parti\u00f3 en 2024 con 147 j\u00f3venes de las regiones de Coquimbo y Los R\u00edos y este a\u00f1o se ampl\u00eda a todo&nbsp;Chile&nbsp;con 440 nuevos&nbsp;integrantes, quienes durante 3 a\u00f1os reciben capital de trabajo, inversiones y asesor\u00eda; y la pr\u00f3xima Pol\u00edtica Nacional de Juventudes Rurales, para que las nuevas generaciones \u201ctengan razones y condiciones para quedarse en sus territorios\u201d<\/p>\n\n\n\n<p>A esto se suma el convenio Tierras Vivas con el Ministerio de Bienes Nacionales, que pondr\u00e1 en arriendo&nbsp;terrenosfiscales&nbsp;j\u00f3venes y mujeres, y el cr\u00e9dito preferente Tierra Joven&nbsp;que se trabaja junto&nbsp;a BancoEstado.&nbsp;\u201cSin acceso a la tierra no hay arraigo y sin arraigo&nbsp;no hay ruralidad viva\u201d, expres\u00f3 el director nacional de INDAP.<\/p>\n\n\n\n<p>Como hitos de comercializaci\u00f3n cit\u00f3 la creaci\u00f3n de m\u00e1s de 60 Mercados Campesinos desde 2022 \u2013a la fecha&nbsp;existen 202, donde&nbsp;venden sus productos 2.656 productores y productoras\u2013, a los que se sumar\u00e1n otros 25 este a\u00f1o; la inauguraci\u00f3n de la Tienda Mundo Rural de Puerto Varas y&nbsp;el primer e-commerce de la marca cuyo showroom se&nbsp;abrir\u00e1&nbsp;en Providencia; y la hist\u00f3rica incorporaci\u00f3n de 25 proveedores de la Agricultura Familiar Campesina e Ind\u00edgena al Convenio Marco de Alimentos, lo que les permitir\u00e1&nbsp;acceder a un mercado anual de $22 mil millones y&nbsp;vender&nbsp;sus productos por primera vez a organismos p\u00fablicos, como Fuerzas Armadas, hospitales y municipios.&nbsp;<\/p>\n\n\n\n<p>Rojas dijo que esta administraci\u00f3n ha priorizado el acceso de mujeres a los diferentes instrumentos de INDAP para que desarrollen emprendimientos sostenibles, accedan a formaci\u00f3n y fortalezcan su autonom\u00eda econ\u00f3mica. En ese plano destac\u00f3 la participaci\u00f3n de 487 mujeres en las Escuelas de Lideresas realizadas en 2024 y el aumento de la inversi\u00f3n en el Programa Mujeres Rurales, cuyo incentivo anual creci\u00f3 $200 mil pesos llegando a $500 mil pesos. \u201cCuando una mujer se fortalece, toda su comunidad avanza\u201d, expres\u00f3.<\/p>\n\n\n\n<p>Otros aspectos resaltados fueron&nbsp;la apertura de cuatro nuevas agencias de \u00e1rea en&nbsp;Curarrehue, Los Lagos, Lumaco&nbsp;y&nbsp;Monte Patria, y&nbsp;una&nbsp;oficina en Pichidegua;&nbsp;el aumento&nbsp;de $ 130 mil pesos -llegando a $450 mil- el Fondo \u00danico de Financiamiento, incentivo anual recibido por los 51 mil agricultores y agricultoras participantes del&nbsp;Programa de Desarrollo Territorial Ind\u00edgena (PDTI);&nbsp;y&nbsp;la&nbsp;modernizaci\u00f3n&nbsp;de&nbsp;INDAP, \u201cpara hacer frente al cambio clim\u00e1tico, la digitalizaci\u00f3n y la justicia territorial con m\u00e1s capacidades\u201d,mediante&nbsp;un&nbsp;proceso participativo para una propuesta denueva ley org\u00e1nica,&nbsp;que ingresar\u00e1 al Congreso en los pr\u00f3ximos meses,&nbsp;y un trabajo con el Banco Interamericano de Desarrollo&nbsp;(BID) en el marco del Programa Chile Alimenta el Futuro.<\/p>\n\n\n\n<p><strong>Reacciones<\/strong><\/p>\n\n\n\n<p>El gobernador Rodrigo Mundaca expres\u00f3 que \u201cfue una cuenta p\u00fablica vigorosa, que habla c\u00f3mo los instrumentos de fomento se han puesto a disposici\u00f3n de la peque\u00f1a agricultura, c\u00f3mo ha crecido la atenci\u00f3n de INDAP, la cantidad de programas que se han habilitado y c\u00f3mo hay una preocupaci\u00f3n preferente por los j\u00f3venes, que tienen la tarea de preservar la soberan\u00eda y la seguridad alimentaria\u201d.<\/p>\n\n\n\n<p>Por su lado, el alcalde Rodrigo D\u00edaz expres\u00f3 su felicidad y orgullo de que esta actividad se haya hecho en Catemu: \u201cAc\u00e1 un 60% de sus habitantes vive en la ruralidad y gran parte de ellos son agricultores. Esto es un reconocimiento hacia ellos, es acercar los servicios del Estado a la comunidad\u201d.<\/p>\n","protected":false},"excerpt":{"rendered":"<p>Importantes avances hacia&nbsp;una agricultura m\u00e1s sostenible&nbsp;y resiliente&nbsp;para adaptarse a los efectos del cambio clim\u00e1tico, junto con pol\u00edticas de impulso a las juventudes rurales en pos de renovar el capital humano&#8230; <a class=\"read-more\" href=\"https:\/\/www.radiopresidenteibanez.cl\/web\/avances-en-agricultura-sostenible-y-juventudes-rurales-destacan-en-la-cuenta-publica-de-indap\/\">Leer m\u00e1s<\/a><\/p>\n","protected":false},"author":2,"featured_media":57533,"comment_status":"closed","ping_status":"closed","sticky":false,"template":"","format":"standard","meta":{"footnotes":""},"categories":[1],"tags":[],"class_list":["post-57532","post","type-post","status-publish","format-standard","has-post-thumbnail","hentry","category-cronica"],"_links":{"self":[{"href":"https:\/\/www.radiopresidenteibanez.cl\/web\/wp-json\/wp\/v2\/posts\/57532","targetHints":{"allow":["GET"]}}],"collection":[{"href":"https:\/\/www.radiopresidenteibanez.cl\/web\/wp-json\/wp\/v2\/posts"}],"about":[{"href":"https:\/\/www.radiopresidenteibanez.cl\/web\/wp-json\/wp\/v2\/types\/post"}],"author":[{"embeddable":true,"href":"https:\/\/www.radiopresidenteibanez.cl\/web\/wp-json\/wp\/v2\/users\/2"}],"replies":[{"embeddable":true,"href":"https:\/\/www.radiopresidenteibanez.cl\/web\/wp-json\/wp\/v2\/comments?post=57532"}],"version-history":[{"count":0,"href":"https:\/\/www.radiopresidenteibanez.cl\/web\/wp-json\/wp\/v2\/posts\/57532\/revisions"}],"wp:featuredmedia":[{"embeddable":true,"href":"https:\/\/www.radiopresidenteibanez.cl\/web\/wp-json\/wp\/v2\/media\/57533"}],"wp:attachment":[{"href":"https:\/\/www.radiopresidenteibanez.cl\/web\/wp-json\/wp\/v2\/media?parent=57532"}],"wp:term":[{"taxonomy":"category","embeddable":true,"href":"https:\/\/www.radiopresidenteibanez.cl\/web\/wp-json\/wp\/v2\/categories?post=57532"},{"taxonomy":"post_tag","embeddable":true,"href":"https:\/\/www.radiopresidenteibanez.cl\/web\/wp-json\/wp\/v2\/tags?post=57532"}],"curies":[{"name":"wp","href":"https:\/\/api.w.org\/{rel}","templated":true}]}}