{"id":57528,"date":"2025-07-10T09:29:02","date_gmt":"2025-07-10T12:29:02","guid":{"rendered":"https:\/\/www.radiopresidenteibanez.cl\/web\/?p=57528"},"modified":"2025-07-10T09:30:02","modified_gmt":"2025-07-10T12:30:02","slug":"programa-transforma-regional-h2v-magallanes-de-corfo-presento-resultados-de-gestion-para-impulsar-la-industria-del-hidrogeno-verde","status":"publish","type":"post","link":"https:\/\/www.radiopresidenteibanez.cl\/web\/programa-transforma-regional-h2v-magallanes-de-corfo-presento-resultados-de-gestion-para-impulsar-la-industria-del-hidrogeno-verde\/","title":{"rendered":"Programa Transforma Regional H2V Magallanes de Corfo present\u00f3 resultados de gesti\u00f3n para impulsar la industria del hidr\u00f3geno verde"},"content":{"rendered":"\n<p>Frente a autoridades regionales y sectoriales, la directora regional de Corfo<br>Magallanes, Mar\u00eda Jos\u00e9 Navajas, present\u00f3 esta ma\u00f1ana en el CADI de la UMAG, los<br>principales resultados de gesti\u00f3n del segundo a\u00f1o del Programa \u00abTransforma Regional<br>Hidr\u00f3geno Verde Magallanes\u00bb impulsado por el Gobierno Regional de Magallanes y de la<br>Ant\u00e1rtica Chilena y la Corporaci\u00f3n de Fomento de la Producci\u00f3n &#8211; Corfo con la asesor\u00eda<br>t\u00e9cnica de la Seremi de Energ\u00eda.<br>En la oportunidad, Navajas detall\u00f3 los avances que tras dos a\u00f1os de<br>implementaci\u00f3n del Programa \u201cDesde el programa Transforma H2V Magallanes, hemos<br>avanzado con fuerza en la implementaci\u00f3n de nuestra hoja de ruta desde 2022,<br>enfrentando brechas complejas, especialmente en infraestructura. Hoy contamos con una<br>gobernanza activa y participativa, que se re\u00fane quincenalmente con actores clave de la<br>industria, ministerios, municipios, academia y empresas, abordando temas estrat\u00e9gicos<br>como el desarrollo econ\u00f3mico, social y ambiental de la regi\u00f3n.<br>Para dar algunos ejemplos de la gesti\u00f3n del Programa, este \u00faltimo a\u00f1o hemos<br>trabajado en m\u00e1s de 50 instancias de coordinaci\u00f3n, gesti\u00f3n y trabajo concreto, estamos<br>por sacar a la luz un estudio de \u00e1ridos y canteras, hemos sido facilitadores y contraparte<br>t\u00e9cnica de diversos estudio de diversificaci\u00f3n productiva y capital humano, hemos incidido<br>en la generaci\u00f3n de un ecosistema de emprendimiento en torno a las posibilidades que<br>podr\u00eda ofrecer esta nueva industria, estamos integrando Instrumentos de Planificaci\u00f3n<br>Territorial, con otras pol\u00edticas p\u00fablicas (como la L\u00ednea Base ambiental) y otras<br>dimensiones como el desarrollo econ\u00f3mico, social y ambiental, hemos capacitado a m\u00e1s<br>de 300 personas, emprendedores y pymes, fortaleciendo el capital humano que esta<br>nueva industria necesita. Sabemos que hay incertidumbres, pero tambi\u00e9n claridad: las<br>empresas que siguen avanzando son las que ven en Magallanes un futuro viable y<br>sustentable. Actualmente hay tres proyectos en evaluaci\u00f3n ambiental y se proyectan al<br>menos tres m\u00e1s en los pr\u00f3ximos semestres. La industria del hidr\u00f3geno verde est\u00e1 en<br>marcha, y Magallanes se prepara para ser parte de esta transformaci\u00f3n productiva\u201d,<br>destac\u00f3 la directora de Corfo.<br>En tanto, el Gobernador de Magallanes, Jorge Flies, se\u00f1al\u00f3 \u00abEl programa<br>Transforma Magallanes H2V ha sido clave para coordinar la planificaci\u00f3n del sector<br>p\u00fablico, privado y la sociedad civil, permiti\u00e9ndonos avanzar con una visi\u00f3n compartida<br>hacia el desarrollo de la industria del hidr\u00f3geno verde. Este trabajo ha sentado las bases<br>no solo en gobernanza e infraestructura, sino tambi\u00e9n en la formaci\u00f3n de capital humano,<br>el desarrollo social y el resguardo ambiental. Hoy, Magallanes lidera un modelo que se<br>replica en otras regiones, como Concepci\u00f3n y Antofagasta. Esperamos que esta<br>planificaci\u00f3n se traduzca en una industria robusta, pero sustentable, a la altura de los<br>desaf\u00edos de nuestra regi\u00f3n y del mundo.\u00bb<br>Por su parte, el Seremi de Energ\u00eda de Magallanes, Sergio Cuiti\u00f1o, valor\u00f3 el trabajo<br>del Programa Transforma porque, por un lado, se ha ido complementado bien con el Plan<br>de Acci\u00f3n de Hidr\u00f3geno Verde que impulsa el Gobierno del Presidente Gabriel Boric y por<br>otro, porque \u201cest\u00e1 dando forma y ordenando la articulaci\u00f3n p\u00fablico-privada en torno al<br>hidr\u00f3geno verde; creando y fortaleciendo nuevas alianzas que vienen a robustecer el<\/p>\n\n\n\n<p>terreno para el despliegue de esta industria que, si la proyectamos, dar\u00e1 un nuevo<br>impulso econ\u00f3mico a la regi\u00f3n, con lo cual podr\u00eda convertirse en importante polo de<br>desarrollo y exportaci\u00f3n de energ\u00edas limpias para Chile y el mundo\u201d, subray\u00f3 Cuiti\u00f1o.<br>El programa \u00abTransforma Regional Hidr\u00f3geno Verde Magallanes\u00bb surge como una<br>iniciativa pionera en la regi\u00f3n, con el objetivo de acelerar el desarrollo y la implementaci\u00f3n<br>de todos los aspectos relacionados con la producci\u00f3n del hidr\u00f3geno verde. El hidr\u00f3geno<br>verde, producido a partir de fuentes de energ\u00eda renovable, tiene el potencial de<br>revolucionar los sectores de la energ\u00eda, transporte e industria al ofrecer una alternativa<br>limpia y de baja emisi\u00f3n de carbono.<br><\/p>\n","protected":false},"excerpt":{"rendered":"<p>Frente a autoridades regionales y sectoriales, la directora regional de CorfoMagallanes, Mar\u00eda Jos\u00e9 Navajas, present\u00f3 esta ma\u00f1ana en el CADI de la UMAG, losprincipales resultados de gesti\u00f3n del segundo a\u00f1o&#8230; <a class=\"read-more\" href=\"https:\/\/www.radiopresidenteibanez.cl\/web\/programa-transforma-regional-h2v-magallanes-de-corfo-presento-resultados-de-gestion-para-impulsar-la-industria-del-hidrogeno-verde\/\">Leer m\u00e1s<\/a><\/p>\n","protected":false},"author":2,"featured_media":57529,"comment_status":"closed","ping_status":"closed","sticky":false,"template":"","format":"standard","meta":{"footnotes":""},"categories":[1],"tags":[],"class_list":["post-57528","post","type-post","status-publish","format-standard","has-post-thumbnail","hentry","category-cronica"],"_links":{"self":[{"href":"https:\/\/www.radiopresidenteibanez.cl\/web\/wp-json\/wp\/v2\/posts\/57528","targetHints":{"allow":["GET"]}}],"collection":[{"href":"https:\/\/www.radiopresidenteibanez.cl\/web\/wp-json\/wp\/v2\/posts"}],"about":[{"href":"https:\/\/www.radiopresidenteibanez.cl\/web\/wp-json\/wp\/v2\/types\/post"}],"author":[{"embeddable":true,"href":"https:\/\/www.radiopresidenteibanez.cl\/web\/wp-json\/wp\/v2\/users\/2"}],"replies":[{"embeddable":true,"href":"https:\/\/www.radiopresidenteibanez.cl\/web\/wp-json\/wp\/v2\/comments?post=57528"}],"version-history":[{"count":0,"href":"https:\/\/www.radiopresidenteibanez.cl\/web\/wp-json\/wp\/v2\/posts\/57528\/revisions"}],"wp:featuredmedia":[{"embeddable":true,"href":"https:\/\/www.radiopresidenteibanez.cl\/web\/wp-json\/wp\/v2\/media\/57529"}],"wp:attachment":[{"href":"https:\/\/www.radiopresidenteibanez.cl\/web\/wp-json\/wp\/v2\/media?parent=57528"}],"wp:term":[{"taxonomy":"category","embeddable":true,"href":"https:\/\/www.radiopresidenteibanez.cl\/web\/wp-json\/wp\/v2\/categories?post=57528"},{"taxonomy":"post_tag","embeddable":true,"href":"https:\/\/www.radiopresidenteibanez.cl\/web\/wp-json\/wp\/v2\/tags?post=57528"}],"curies":[{"name":"wp","href":"https:\/\/api.w.org\/{rel}","templated":true}]}}