{"id":57524,"date":"2025-07-10T08:23:54","date_gmt":"2025-07-10T11:23:54","guid":{"rendered":"https:\/\/www.radiopresidenteibanez.cl\/web\/?p=57524"},"modified":"2025-07-10T08:24:28","modified_gmt":"2025-07-10T11:24:28","slug":"epaustral-movimiento-de-aspas-de-aerogeneradores-marca-punto-clave-en-el-traslado-de-carga-de-grandes-dimensiones-en-punta-arenas","status":"publish","type":"post","link":"https:\/\/www.radiopresidenteibanez.cl\/web\/epaustral-movimiento-de-aspas-de-aerogeneradores-marca-punto-clave-en-el-traslado-de-carga-de-grandes-dimensiones-en-punta-arenas\/","title":{"rendered":"EPAUSTRAL: Movimiento de aspas de aerogeneradores marca punto clave en el traslado de carga de grandes dimensiones en Punta Arenas"},"content":{"rendered":"\n<p>En l\u00ednea con el proceso de traslado de aerogeneradores iniciado la semana pasada<br>con las primeras secciones de una de las torres, la Empresa Portuaria Austral llev\u00f3<br>a cabo el segundo hito de movimiento de esta compleja operaci\u00f3n log\u00edstico-portuaria<br>con el desplazamiento de las dos primeras aspas desde el Terminal Jos\u00e9 de los<br>Santos Mardones hasta la Rampa Tres Puentes, en Punta Arenas.<br>Con un peso aproximado de 26 toneladas y 67 metros largo, las aspas \u2013parte del<br>proyecto de parque e\u00f3lico en Tierra del Fuego de Total Energies Argentina- fueron<br>movidas v\u00eda terrestre por la Ruta 9 desde el principal recinto portuario de carga de la<br>Regi\u00f3n de Magallanes hasta el embarcadero ubicado en Bah\u00eda Catalina, un tr\u00e1nsito<br>que estuvo monitoreado por supervisores de la estatal portuaria y que fue llevada a<br>cabo por el equipo de DHL y Transportes Javier Cort\u00e9s.<br>\u201cEl segundo desaf\u00edo -tras la descarga de los aerogeneradores en Mardones en<br>medio del proyecto de mejora del muelle- era que esto pueda transitar hacia<br>Tierra del Fuego por una v\u00eda nueva para este tipo de cargas. Las intervenciones en<br>las rutas fueron muy puntuales, con un tiempo muy acotado tambi\u00e9n en t\u00e9rminos de<br>embarque: el movimiento de las aspas se demor\u00f3 treinta minutos en llegar a su<br>lugar de espera para el embarque que ocurri\u00f3 en quince minutos. Son maniobras<br>que se pueden hacer de forma bastante r\u00e1pida. Y estamos aprendiendo, as\u00ed que los<br>procesos van a mejorar\u201d, apunt\u00f3 Miguel Palma Morales, Gerente General de la<br>Empresa Portuaria Austral.<br>De acuerdo con lo planificado, las aspas quedaron posicionadas en el sector de<br>acceso a la Rampa Tres Puentes que administra la EPAUSTRAL la noche del<br>martes, para posteriormente iniciar su ingreso al ferry K\u00e9nos, de TABSA, para su<br>traslado mar\u00edtimo final hasta Primera Angostura donde continuar\u00e1 v\u00eda terrestre con<br>destino al sector de San Sebasti\u00e1n, en el lado argentino de la isla austral.<br>Mejoras tras cada operaci\u00f3n<br>La planificaci\u00f3n de la log\u00edstica de traslado conllev\u00f3 un trabajo de meses entre todos<br>los actores involucrados que, por ejemplo, incluyeron la posibilidad de generar obras<br>transitorias para el movimiento expedito de los camiones con las distintas cargas<br>que permitieron un flujo que mejor\u00f3 entre la primera y segunda operaci\u00f3n.<br>Por lo mismo, para el Gerente General de la EPAUSTRAL esta era una \u201cprueba<br>para el sistema donde nosotros nos estamos preparando y estamos muy contentos<br>con el desempe\u00f1o. Es un trabajo que es multidisciplinario donde intervienen muchos<br>actores. Aprendimos del primer movimiento de las primeras torres que se<\/p>\n\n\n\n<p>movieron hacia Tres Puentes. Esa operaci\u00f3n se demor\u00f3 una hora (y) los<br>movimientos de las aspas se demoraron treinta minutos haciendo algunas<br>correcciones. Eso es muy relevante, as\u00ed que estamos contentos con la performance<br>que est\u00e1 teniendo esta operaci\u00f3n\u201d.<br>Tras la experiencia adquirida en el traslado de secciones de torre y las primeras<br>aspas, se espera que en las pr\u00f3ximas semanas prosiga el traslado de los<br>aerogeneradores (cuatro aspas y equipos de ambas torres), llevando al sistema<br>log\u00edstico portuario de Magallanes a un nuevo nivel pensando en los desaf\u00edos<br>regionales del presente y el futuro.<\/p>\n","protected":false},"excerpt":{"rendered":"<p>En l\u00ednea con el proceso de traslado de aerogeneradores iniciado la semana pasadacon las primeras secciones de una de las torres, la Empresa Portuaria Austral llev\u00f3a cabo el segundo hito&#8230; <a class=\"read-more\" href=\"https:\/\/www.radiopresidenteibanez.cl\/web\/epaustral-movimiento-de-aspas-de-aerogeneradores-marca-punto-clave-en-el-traslado-de-carga-de-grandes-dimensiones-en-punta-arenas\/\">Leer m\u00e1s<\/a><\/p>\n","protected":false},"author":2,"featured_media":57525,"comment_status":"closed","ping_status":"closed","sticky":false,"template":"","format":"standard","meta":{"footnotes":""},"categories":[1],"tags":[],"class_list":["post-57524","post","type-post","status-publish","format-standard","has-post-thumbnail","hentry","category-cronica"],"_links":{"self":[{"href":"https:\/\/www.radiopresidenteibanez.cl\/web\/wp-json\/wp\/v2\/posts\/57524","targetHints":{"allow":["GET"]}}],"collection":[{"href":"https:\/\/www.radiopresidenteibanez.cl\/web\/wp-json\/wp\/v2\/posts"}],"about":[{"href":"https:\/\/www.radiopresidenteibanez.cl\/web\/wp-json\/wp\/v2\/types\/post"}],"author":[{"embeddable":true,"href":"https:\/\/www.radiopresidenteibanez.cl\/web\/wp-json\/wp\/v2\/users\/2"}],"replies":[{"embeddable":true,"href":"https:\/\/www.radiopresidenteibanez.cl\/web\/wp-json\/wp\/v2\/comments?post=57524"}],"version-history":[{"count":0,"href":"https:\/\/www.radiopresidenteibanez.cl\/web\/wp-json\/wp\/v2\/posts\/57524\/revisions"}],"wp:featuredmedia":[{"embeddable":true,"href":"https:\/\/www.radiopresidenteibanez.cl\/web\/wp-json\/wp\/v2\/media\/57525"}],"wp:attachment":[{"href":"https:\/\/www.radiopresidenteibanez.cl\/web\/wp-json\/wp\/v2\/media?parent=57524"}],"wp:term":[{"taxonomy":"category","embeddable":true,"href":"https:\/\/www.radiopresidenteibanez.cl\/web\/wp-json\/wp\/v2\/categories?post=57524"},{"taxonomy":"post_tag","embeddable":true,"href":"https:\/\/www.radiopresidenteibanez.cl\/web\/wp-json\/wp\/v2\/tags?post=57524"}],"curies":[{"name":"wp","href":"https:\/\/api.w.org\/{rel}","templated":true}]}}