{"id":57512,"date":"2025-07-09T16:39:00","date_gmt":"2025-07-09T19:39:00","guid":{"rendered":"https:\/\/www.radiopresidenteibanez.cl\/web\/?p=57512"},"modified":"2025-07-09T15:24:22","modified_gmt":"2025-07-09T18:24:22","slug":"proponen-trabajar-las-masculinidades-como-enfoque-para-enfrentar-la-violencia-social-y-transformar-trayectorias-delictivas","status":"publish","type":"post","link":"https:\/\/www.radiopresidenteibanez.cl\/web\/proponen-trabajar-las-masculinidades-como-enfoque-para-enfrentar-la-violencia-social-y-transformar-trayectorias-delictivas\/","title":{"rendered":"PROPONEN TRABAJAR LAS MASCULINIDADES COMO ENFOQUE PARA ENFRENTAR LA VIOLENCIA SOCIAL Y TRANSFORMAR TRAYECTORIAS DELICTIVAS"},"content":{"rendered":"\n<figure class=\"wp-block-image\"><img decoding=\"async\" src=\"https:\/\/mail.google.com\/mail\/u\/0?ui=2&amp;ik=f18d8793d3&amp;attid=0.0.1&amp;permmsgid=msg-f:1837193414243881126&amp;th=197f05ad27b190a6&amp;view=fimg&amp;fur=ip&amp;permmsgid=msg-f:1837193414243881126&amp;sz=s0-l75-ft&amp;attbid=ANGjdJ85jdZfbhfNNKAtvdWWNuH2e33jo_xYF1h06LLcRRZiKYnkRVWw3q9k8jxQ9tqiJkAnQJjcoMFMI0A2rP7U1X0G1NpjFuvCBbBRScaTSXM0D4KLJByavAFxa1s&amp;disp=emb&amp;zw\" alt=\"\"\/><\/figure>\n\n\n\n<p><strong><u>COMUNICADO DE PRENSA<\/u><\/strong><\/p>\n\n\n\n<p><strong>PROPONEN TRABAJAR LAS MASCULINIDADES COMO ENFOQUE PARA ENFRENTAR LA VIOLENCIA SOCIAL Y TRANSFORMAR TRAYECTORIAS DELICTIVAS<\/strong><\/p>\n\n\n\n<p><strong>El destacado doctor en Sociolog\u00eda de la Universidad Aut\u00f3noma de Barcelona e investigador de la Universidad de Chile, Klaudio Duarte, analiz\u00f3 los factores sociales que han intensificado la violencia en j\u00f3venes y adolescentes, destacando el papel masculino en la configuraci\u00f3n de una sociedad crecientemente violenta.<\/strong><\/p>\n\n\n\n<p>Punta Arenas, 9 de julio de 2025.<\/p>\n\n\n\n<p>En Chile, m\u00e1s del 90% de los j\u00f3venes en conflicto con la justicia son varones. Aunque este fen\u00f3meno se ha observado por d\u00e9cadas, solo en los \u00faltimos a\u00f1os ha comenzado a entenderse a partir del an\u00e1lisis de los roles de g\u00e9nero impuestos por la sociedad a quienes est\u00e1n en pleno proceso de formaci\u00f3n identitaria.<\/p>\n\n\n\n<p>Seg\u00fan Klaudio Duarte, doctor en Sociolog\u00eda por la Universidad Aut\u00f3noma de Barcelona e investigador del Departamento de Sociolog\u00eda de la Universidad de Chile, una de las claves para comprender esta realidad son los llamados \u201cmandatos de g\u00e9nero\u201d, que presionan a los j\u00f3venes varones a cumplir con exigencias propias del modelo patriarcal: proveer, procrear bajo la heteronorma, proteger y alcanzar prestigio.<\/p>\n\n\n\n<p><em>\u201cCuando no logran cumplir con estos mandatos, algunos j\u00f3venes optan por la violencia como forma de validaci\u00f3n social. En una sociedad que legitima ciertas expresiones de agresividad masculina, incluso el acto de matar \u2014simb\u00f3lica o materialmente\u2014 puede verse como una forma aceptada de resoluci\u00f3n de conflictos\u201d<\/em>, explic\u00f3 el acad\u00e9mico.<\/p>\n\n\n\n<p>El investigador adem\u00e1s plante\u00f3 la necesidad de abrir conversaciones urgentes sobre la construcci\u00f3n social de las masculinidades, detallando que el patriarcado opera como un sistema de dominaci\u00f3n que cosifica los cuerpos y restringe la experiencia emocional, afectiva y relacional de los varones. \u201c<em>No basta con que los hombres hagan labores dom\u00e9sticas para desmontar el patriarcado. Si no se transforma la forma en que se entiende el poder, se sigue reproduciendo el mismo orden social\u201d,<\/em>&nbsp;afirm\u00f3.<\/p>\n\n\n\n<p>En tanto, la directora nacional del Servicio de Reinserci\u00f3n, Roc\u00edo Fa\u00fandez, destac\u00f3 la relevancia de incorporar una perspectiva de g\u00e9nero en el trabajo con j\u00f3venes en procesos de reinserci\u00f3n.&nbsp;<em>\u201cLa norma de g\u00e9nero est\u00e1 en la base de muchas violencias y trayectorias de vida marcadas por la exclusi\u00f3n. No es el joven el que es complejo, sino su trayectoria. Entender c\u00f3mo se construye su vivencia de la masculinidad es clave para lograr nuestro objetivo de reinserci\u00f3n social y transformaci\u00f3n de conductas delictivas\u201d<\/em>, subray\u00f3.<\/p>\n\n\n\n<p>La conversaci\u00f3n se dio en el marco de la charla magistral \u201cJuventudes: masculinidades y pr\u00e1cticas de violencia\u201d, dictada por Klaudio Duarte y organizada por el Servicio Nacional de Reinserci\u00f3n Social Juvenil, durante la jornada de este lunes 7 de julio en el Palacio Pereira. Un espacio de reflexi\u00f3n cr\u00edtica para repensar pr\u00e1cticas, roles y transformaciones sociales, con el objetivo de mejorar las intervenciones con j\u00f3venes en proceso de reinserci\u00f3n social.<\/p>\n\n\n\n<p>\u201c<em>Tenemos que ponernos de acuerdo en qu\u00e9 acciones concretas en lo colectivo, en lo \u00edntimo, en lo comunitario, podemos llevar adelante para fracturar el orden social. Trabajar con j\u00f3venes que ejercen violencia para mostrar c\u00f3mo aquello es producto de una sociedad desigual, es tarea de lo que se podr\u00eda llamar una \u201cpedagog\u00eda despatriarcalizadora\u201d, la que necesitamos co-construir con los propios j\u00f3venes\u201d,<\/em>&nbsp;puntualiz\u00f3 el investigador Klaudio Duarte.<\/p>\n\n\n\n<p>Ambas intervenciones coincidieron en que el trabajo con j\u00f3venes que ejercen violencia debe apuntar a comprender esa violencia como resultado de una sociedad desigual, y que requiere avanzar hacia una nueva forma de entender los roles de g\u00e9nero, que permita formar relaciones sociales respetuosas y conscientes.<\/p>\n\n\n\n<p>Para Mirsa Castro, asistente al conversatorio y representante del Centro de Formaci\u00f3n T\u00e9cnica Santo Tom\u00e1s, el debate le pareci\u00f3 valioso y necesario.&nbsp;<em>\u201cSe deber\u00eda seguir sensibilizando sobre estos temas que son tan importantes, porque como sociedad nos falta mucho. Debemos avanzar hacia estos cambios del que nos han hablado y las mujeres tenemos un rol importante en este cambio que se debe dar como sociedad\u201d.<\/em><\/p>\n\n\n\n<p>Este espacio de conversaci\u00f3n, en el que tambi\u00e9n participaron Pedro Uribe de&nbsp;Fundaci\u00f3n Ilusi\u00f3n Viril, estudiantes universitarios, funcionarios y funcionarias de Reinserci\u00f3n Social Juvenil, forma parte de los esfuerzos del Servicio por desarrollar un enfoque de trabajo integral, con perspectiva de derechos, y que reconozca la influencia de los modelos culturales y estructurales en las trayectorias de vida de los j\u00f3venes.<\/p>\n","protected":false},"excerpt":{"rendered":"<p>COMUNICADO DE PRENSA PROPONEN TRABAJAR LAS MASCULINIDADES COMO ENFOQUE PARA ENFRENTAR LA VIOLENCIA SOCIAL Y TRANSFORMAR TRAYECTORIAS DELICTIVAS El destacado doctor en Sociolog\u00eda de la Universidad Aut\u00f3noma de Barcelona e&#8230; <a class=\"read-more\" href=\"https:\/\/www.radiopresidenteibanez.cl\/web\/proponen-trabajar-las-masculinidades-como-enfoque-para-enfrentar-la-violencia-social-y-transformar-trayectorias-delictivas\/\">Leer m\u00e1s<\/a><\/p>\n","protected":false},"author":2,"featured_media":57513,"comment_status":"closed","ping_status":"closed","sticky":false,"template":"","format":"standard","meta":{"footnotes":""},"categories":[1],"tags":[],"class_list":["post-57512","post","type-post","status-publish","format-standard","has-post-thumbnail","hentry","category-cronica"],"_links":{"self":[{"href":"https:\/\/www.radiopresidenteibanez.cl\/web\/wp-json\/wp\/v2\/posts\/57512","targetHints":{"allow":["GET"]}}],"collection":[{"href":"https:\/\/www.radiopresidenteibanez.cl\/web\/wp-json\/wp\/v2\/posts"}],"about":[{"href":"https:\/\/www.radiopresidenteibanez.cl\/web\/wp-json\/wp\/v2\/types\/post"}],"author":[{"embeddable":true,"href":"https:\/\/www.radiopresidenteibanez.cl\/web\/wp-json\/wp\/v2\/users\/2"}],"replies":[{"embeddable":true,"href":"https:\/\/www.radiopresidenteibanez.cl\/web\/wp-json\/wp\/v2\/comments?post=57512"}],"version-history":[{"count":0,"href":"https:\/\/www.radiopresidenteibanez.cl\/web\/wp-json\/wp\/v2\/posts\/57512\/revisions"}],"wp:featuredmedia":[{"embeddable":true,"href":"https:\/\/www.radiopresidenteibanez.cl\/web\/wp-json\/wp\/v2\/media\/57513"}],"wp:attachment":[{"href":"https:\/\/www.radiopresidenteibanez.cl\/web\/wp-json\/wp\/v2\/media?parent=57512"}],"wp:term":[{"taxonomy":"category","embeddable":true,"href":"https:\/\/www.radiopresidenteibanez.cl\/web\/wp-json\/wp\/v2\/categories?post=57512"},{"taxonomy":"post_tag","embeddable":true,"href":"https:\/\/www.radiopresidenteibanez.cl\/web\/wp-json\/wp\/v2\/tags?post=57512"}],"curies":[{"name":"wp","href":"https:\/\/api.w.org\/{rel}","templated":true}]}}