{"id":57503,"date":"2025-07-09T11:54:00","date_gmt":"2025-07-09T14:54:00","guid":{"rendered":"https:\/\/www.radiopresidenteibanez.cl\/web\/?p=57503"},"modified":"2025-07-09T11:50:14","modified_gmt":"2025-07-09T14:50:14","slug":"agricultoras-de-magallanes-exhibieron-lo-mejor-de-su-arte-textil-en-la-expo-lanas-de-la-feria-de-invierno","status":"publish","type":"post","link":"https:\/\/www.radiopresidenteibanez.cl\/web\/agricultoras-de-magallanes-exhibieron-lo-mejor-de-su-arte-textil-en-la-expo-lanas-de-la-feria-de-invierno\/","title":{"rendered":"Agricultoras de Magallanes exhibieron lo mejor de su arte textil en la Expo Lanas de la Feria de Invierno"},"content":{"rendered":"\n<p><em>En el marco de la&nbsp;<\/em><strong><em>Feria de Invierno de Punta Arenas<\/em><\/strong><em>, una veintena de agricultoras usuarias de INDAP, provenientes de las cuatro provincias de la regi\u00f3n de Magallanes, participaron en la&nbsp;<\/em><strong><em>Expo Lanas<\/em><\/strong><em>, una muestra que destac\u00f3 el valor patrimonial de la artesan\u00eda textil local.<\/em><\/p>\n\n\n\n<p><em>Las expositoras presentaron una variada colecci\u00f3n de productos elaborados en&nbsp;<\/em><strong><em>lana ovina<\/em><\/strong><em>, te\u00f1ida con&nbsp;<\/em><strong><em>extractos naturales de flora nativa patag\u00f3nica<\/em><\/strong><em>, aplicando t\u00e9cnicas tradicionales que rescatan el oficio del tejido y dan vida a piezas \u00fanicas en color y dise\u00f1o.<\/em><\/p>\n\n\n\n<p><em>Adem\u00e1s de la exhibici\u00f3n y venta, la muestra incluy\u00f3&nbsp;<\/em><strong><em>talleres abiertos al p\u00fablico<\/em><\/strong><em>, donde se ense\u00f1aron t\u00e9cnicas b\u00e1sicas de tejido, con gran asistencia. Uno de los m\u00e1s destacados fue el taller de&nbsp;<\/em><strong><em>fieltro de lana<\/em><\/strong><em>, dictado por la reconocida artesana&nbsp;<\/em><strong><em>Sandra Barahona<\/em><\/strong><em>, que gener\u00f3 alta convocatoria e inter\u00e9s por parte de los asistentes.<\/em><\/p>\n\n\n\n<p><em>Para&nbsp;<\/em><strong><em>Rosita C\u00e1rdenas<\/em><\/strong><em>, agricultora y&nbsp;<\/em><strong><em>presidenta de la agrupaci\u00f3n Orqu\u00eddeas del Sur<\/em><\/strong><em>, la participaci\u00f3n fue muy positiva: \u201cLa Expo Lanas estuvo bastante buena. Fue una gran oportunidad para vender los trabajos que ten\u00edamos listos. Lo que m\u00e1s se vendi\u00f3 fueron ovillos de lana hilada artesanalmente, medias, bufandas y boinas. La gente estaba muy interesada, y muchas personas descubrieron por primera vez lo que es el fieltro de lana. Los talleres tuvieron muy buena recepci\u00f3n.\u201d<\/em><\/p>\n\n\n\n<p><em>Junto con agradecer la presencia de autoridades y profesionales del agro agreg\u00f3: \u201cOjal\u00e1 esta actividad se repita, porque nos permiti\u00f3 mostrar nuestro trabajo y conectarnos directamente con el p\u00fablico.\u201d<\/em><\/p>\n\n\n\n<p><em>Por su parte la&nbsp;<\/em><strong><em>Seremi de Agricultura de Magallanes, Irene Ram\u00edrez dijo que&nbsp;<\/em><\/strong><em>\u201cEsta muestra no solo visibiliza el trabajo de nuestras agricultoras, sino que tambi\u00e9n pone en valor el saber hacer, la identidad rural y la creatividad femenina en los territorios. Desde el Ministerio de Agricultura seguiremos apoyando estos espacios que conectan tradici\u00f3n y desarrollo local.\u201d<\/em><\/p>\n\n\n\n<p><em>Finalmente,<\/em><strong><em>&nbsp;Gabriel Zegers, Director Regional de INDAP expres\u00f3:&nbsp;<\/em><\/strong><em>\u201cEl trabajo que realizan estas mujeres es extraordinario. Como INDAP, queremos fortalecer cada vez m\u00e1s las oportunidades de comercializaci\u00f3n, visibilizaci\u00f3n y formaci\u00f3n para nuestras usuarias. La Expo Lanas es un ejemplo concreto de c\u00f3mo se pueden generar redes virtuosas entre el campo y la ciudad.\u201d<\/em><\/p>\n","protected":false},"excerpt":{"rendered":"<p>En el marco de la&nbsp;Feria de Invierno de Punta Arenas, una veintena de agricultoras usuarias de INDAP, provenientes de las cuatro provincias de la regi\u00f3n de Magallanes, participaron en la&nbsp;Expo&#8230; <a class=\"read-more\" href=\"https:\/\/www.radiopresidenteibanez.cl\/web\/agricultoras-de-magallanes-exhibieron-lo-mejor-de-su-arte-textil-en-la-expo-lanas-de-la-feria-de-invierno\/\">Leer m\u00e1s<\/a><\/p>\n","protected":false},"author":2,"featured_media":57504,"comment_status":"closed","ping_status":"closed","sticky":false,"template":"","format":"standard","meta":{"footnotes":""},"categories":[1],"tags":[],"class_list":["post-57503","post","type-post","status-publish","format-standard","has-post-thumbnail","hentry","category-cronica"],"_links":{"self":[{"href":"https:\/\/www.radiopresidenteibanez.cl\/web\/wp-json\/wp\/v2\/posts\/57503","targetHints":{"allow":["GET"]}}],"collection":[{"href":"https:\/\/www.radiopresidenteibanez.cl\/web\/wp-json\/wp\/v2\/posts"}],"about":[{"href":"https:\/\/www.radiopresidenteibanez.cl\/web\/wp-json\/wp\/v2\/types\/post"}],"author":[{"embeddable":true,"href":"https:\/\/www.radiopresidenteibanez.cl\/web\/wp-json\/wp\/v2\/users\/2"}],"replies":[{"embeddable":true,"href":"https:\/\/www.radiopresidenteibanez.cl\/web\/wp-json\/wp\/v2\/comments?post=57503"}],"version-history":[{"count":0,"href":"https:\/\/www.radiopresidenteibanez.cl\/web\/wp-json\/wp\/v2\/posts\/57503\/revisions"}],"wp:featuredmedia":[{"embeddable":true,"href":"https:\/\/www.radiopresidenteibanez.cl\/web\/wp-json\/wp\/v2\/media\/57504"}],"wp:attachment":[{"href":"https:\/\/www.radiopresidenteibanez.cl\/web\/wp-json\/wp\/v2\/media?parent=57503"}],"wp:term":[{"taxonomy":"category","embeddable":true,"href":"https:\/\/www.radiopresidenteibanez.cl\/web\/wp-json\/wp\/v2\/categories?post=57503"},{"taxonomy":"post_tag","embeddable":true,"href":"https:\/\/www.radiopresidenteibanez.cl\/web\/wp-json\/wp\/v2\/tags?post=57503"}],"curies":[{"name":"wp","href":"https:\/\/api.w.org\/{rel}","templated":true}]}}