{"id":57500,"date":"2025-07-09T10:47:00","date_gmt":"2025-07-09T13:47:00","guid":{"rendered":"https:\/\/www.radiopresidenteibanez.cl\/web\/?p=57500"},"modified":"2025-07-09T09:51:07","modified_gmt":"2025-07-09T12:51:07","slug":"culmina-proyecto-patrimonial-que-rescata-la-unica-construccion-de-adobe-en-pie-de-magallanes","status":"publish","type":"post","link":"https:\/\/www.radiopresidenteibanez.cl\/web\/culmina-proyecto-patrimonial-que-rescata-la-unica-construccion-de-adobe-en-pie-de-magallanes\/","title":{"rendered":"Culmina proyecto patrimonial que rescata la \u00fanica construcci\u00f3n de adobe en pie de Magallanes"},"content":{"rendered":"\n<p>Tras m\u00e1s de un a\u00f1o de trabajo interdisciplinario, concluy\u00f3 exitosamente el proyecto \u201cLevantamiento Arquitect\u00f3nico del puesto ganadero Las Flores: referente de construcci\u00f3n<br>en adobe en Torres del Paine, Magallanes\u201d, iniciativa financiada por el Fondo del Patrimonio Cultural, l\u00ednea de Investigaci\u00f3n, Registro y Levantamiento de Patrimonio Cultural, convocatoria 2022.<br>Liderado por los arquitectos Nicol\u00e1s Recabarren T. y Laura Villanueva R. y la antrop\u00f3loga Macarena<br>Fern\u00e1ndez G., el proyecto tuvo como objetivo poner en valor una de las construcciones rurales m\u00e1s antiguas y singulares de la regi\u00f3n: el puesto de adobe Las Flores, tambi\u00e9n conocida como la casa de barro, ubicado en los faldeos de sierra Baguales, comuna de Torres del Paine.<br>Este inmueble representa la \u00fanica edificaci\u00f3n en pie realizada en adobe en toda la Regi\u00f3n de<br>Magallanes y de la Ant\u00e1rtica Chilena, y su construcci\u00f3n se le atribuye al pionero franc\u00e9s Alejo Marcou, quien lleg\u00f3 a Magallanes en 1892 emprendiendo en distintos rubros como la fabricaci\u00f3n de ladrillos, exploraciones petrol\u00edferas y ganader\u00eda. El estudio revel\u00f3 que, pese a sus cerca de 125 a\u00f1os de antig\u00fcedad -tan antiguo como algunas de las edificaciones de la plaza Mu\u00f1oz Gamero de Punta Arenas-, el puesto a\u00fan conserva buena parte de su estructura original, aunque su estado de<br>conservaci\u00f3n es cr\u00edtico y se encuentra en riesgo inminente de colapso.<br>\u201cEs interesante lograr visualizar el valor de una construcci\u00f3n tan sencilla y de materiales disponibles en el lugar mismo en que esta se construy\u00f3, y que adem\u00e1s la casa logre estar operativa despu\u00e9s de cerca de 125 a\u00f1os desde su construcci\u00f3n y con escasa mantenci\u00f3n\u201d, dijo Nicol\u00e1s Recabarren.<br>Entre los resultados m\u00e1s destacados, se logr\u00f3:<br>\uf0b7 Registrar con precisi\u00f3n la arquitectura, materialidad y estado de conservaci\u00f3n del puesto.<br>\uf0b7 Identificar los principales problemas que afectan su estructura, como erosi\u00f3n,<br>desprendimiento de revoques y colapso parcial de muros.<br>\uf0b7 Establecer un plan de restauraci\u00f3n del inmueble, que contempla intervenciones estructurales<br>respetuosas de su fisonom\u00eda original, nuevas fundaciones, techumbre y soluciones de<br>escurrimiento pluvial.<br>\uf0b7 Levantar mediciones t\u00e9rmicas del puesto para identificar la eficiencia energ\u00e9tica del adobe en<br>altas latidudes, donde hay variables entre una fuente de calor interna vs la radiaci\u00f3n exterior.<br>\uf0b7 Reconocer y documentar el valor cultural, arqueol\u00f3gico y paisaj\u00edstico del inmueble,<br>destacando su rol como testimonio de los modos de vida ganaderos y su uso constante por<br>familias y puesteros hasta principios del siglo XXI.<br>El equipo, a trav\u00e9s de metodolog\u00edas multidisciplinarias que se enfocaron en visitas a terrenos,<br>mediciones, entrevistas y revisi\u00f3n bibliogr\u00e1fica, levant\u00f3 planos detallados, realiz\u00f3 fotogrametr\u00eda con drones, c\u00e1mara de DSLR y celulares, modelado 3D, y monitore\u00f3 con Dataloger el comportamiento t\u00e9rmico del adobe durante tres estaciones del a\u00f1o.<\/p>\n\n\n\n<p>\u201cCon el estudio de la temperatura del aire interior y exterior del puesto a trav\u00e9s de su envolvente de adobe en las condiciones clim\u00e1ticas de sierra Baguales, vamos concluyendo que este puesto necesita al menos 6 horas constantes de una fuente de calor para que el muro logre acumularla, mantenerla y luego entregarla nuevamente, en invierno y en el resto de las estaciones, por lo cual el puesto es m\u00e1s eficiente conservando el calor que consigue con una fuente de calor interior, que permitiendo el paso del calor en el momento de mayor temperatura en el exterior\u201d, precis\u00f3 Laura Villanueva.<br>El puesto Las Flores no solo constituye un bien material excepcional por su t\u00e9cnica constructiva, sino que tambi\u00e9n concentra una memoria viva rural pionera de Magallanes, de la arquitectura vern\u00e1cula y de la relaci\u00f3n del ser humano con un entorno natural exigente. La investigaci\u00f3n permiti\u00f3 realizar una l\u00ednea temporal que recupera memorias de antiguos habitantes, as\u00ed como de familias que ocuparon la casa por d\u00e9cadas, objetos cotidianos, fotograf\u00edas familiares y testimonios que dan cuenta de formas de habitar ligadas a la ganader\u00eda, el aislamiento y la autosuficiencia. Adem\u00e1s, presentes en el adobe utilizado para construirlo es posible identificar restos arqueol\u00f3gicos que conectan la estructura con pueblos originarios cazadores recolectores.<br>Este proyecto marca un precedente en la regi\u00f3n al visibilizar la necesidad de proteger formas<br>constructivas poco frecuentes en latitudes australes, y refuerza la importancia de avanzar en su<br>restauraci\u00f3n con enfoque patrimonial. La comunidad vinculada a Villa Cerro Guido, Fundaci\u00f3n Cerro Guido Conservaci\u00f3n, as\u00ed como gu\u00edas tur\u00edsticos, estudiantes de arquitectura de la Universidad de Magallanes, Colegio de Arquitectos de Magallanes, organizaciones locales y p\u00fablico interesado<br>participaron activamente en talleres, charlas y jornadas en terreno, permitiendo discutir<br>colectivamente las posibilidades de uso y conservaci\u00f3n futura del inmueble, adem\u00e1s de fortalecer el v\u00ednculo con este bien \u00fanico y reconocer su valor identitario.<br>\u201cDestaco la investigaci\u00f3n asociativa de este proyecto, que ha profundizado en aspectos t\u00e9cnicos y<br>constructivos, pero tambi\u00e9n el contexto en el cual se erige, de tal manera que podemos introducirnos en este pasado tan magn\u00edfico y especial, que fue la \u00e9poca de la ocupaci\u00f3n territorial de \u00daltima esperanza. Es muy reconfortante saber que los fondos se destinan a este tipo de proyectos, que ponen en valor el patrimonio regional\u201d, se\u00f1al\u00f3 Pablo Quercia M, director regional de Magallanes del Servicio Nacional del Patrimonio.<br>El informe final, que ser\u00e1 puesto a disposici\u00f3n de la Ganadera Cerro Guido y Fundaci\u00f3n Cerro Guido Conservaci\u00f3n, actuales due\u00f1os del inmueble, constituye un insumo clave para futuras intervenciones de restauraci\u00f3n, y tambi\u00e9n un ejemplo de c\u00f3mo abordar el patrimonio rural desde una mirada integral, que conjugue arquitectura, antropolog\u00eda, historia, memoria y sustentabilidad.<\/p>\n\n\n\n<p><\/p>\n","protected":false},"excerpt":{"rendered":"<p>Tras m\u00e1s de un a\u00f1o de trabajo interdisciplinario, concluy\u00f3 exitosamente el proyecto \u201cLevantamiento Arquitect\u00f3nico del puesto ganadero Las Flores: referente de construcci\u00f3nen adobe en Torres del Paine, Magallanes\u201d, iniciativa financiada&#8230; <a class=\"read-more\" href=\"https:\/\/www.radiopresidenteibanez.cl\/web\/culmina-proyecto-patrimonial-que-rescata-la-unica-construccion-de-adobe-en-pie-de-magallanes\/\">Leer m\u00e1s<\/a><\/p>\n","protected":false},"author":2,"featured_media":57501,"comment_status":"closed","ping_status":"closed","sticky":false,"template":"","format":"standard","meta":{"footnotes":""},"categories":[1],"tags":[],"class_list":["post-57500","post","type-post","status-publish","format-standard","has-post-thumbnail","hentry","category-cronica"],"_links":{"self":[{"href":"https:\/\/www.radiopresidenteibanez.cl\/web\/wp-json\/wp\/v2\/posts\/57500","targetHints":{"allow":["GET"]}}],"collection":[{"href":"https:\/\/www.radiopresidenteibanez.cl\/web\/wp-json\/wp\/v2\/posts"}],"about":[{"href":"https:\/\/www.radiopresidenteibanez.cl\/web\/wp-json\/wp\/v2\/types\/post"}],"author":[{"embeddable":true,"href":"https:\/\/www.radiopresidenteibanez.cl\/web\/wp-json\/wp\/v2\/users\/2"}],"replies":[{"embeddable":true,"href":"https:\/\/www.radiopresidenteibanez.cl\/web\/wp-json\/wp\/v2\/comments?post=57500"}],"version-history":[{"count":0,"href":"https:\/\/www.radiopresidenteibanez.cl\/web\/wp-json\/wp\/v2\/posts\/57500\/revisions"}],"wp:featuredmedia":[{"embeddable":true,"href":"https:\/\/www.radiopresidenteibanez.cl\/web\/wp-json\/wp\/v2\/media\/57501"}],"wp:attachment":[{"href":"https:\/\/www.radiopresidenteibanez.cl\/web\/wp-json\/wp\/v2\/media?parent=57500"}],"wp:term":[{"taxonomy":"category","embeddable":true,"href":"https:\/\/www.radiopresidenteibanez.cl\/web\/wp-json\/wp\/v2\/categories?post=57500"},{"taxonomy":"post_tag","embeddable":true,"href":"https:\/\/www.radiopresidenteibanez.cl\/web\/wp-json\/wp\/v2\/tags?post=57500"}],"curies":[{"name":"wp","href":"https:\/\/api.w.org\/{rel}","templated":true}]}}